{"id":93294,"date":"2021-05-27T16:35:43","date_gmt":"2021-05-27T19:35:43","guid":{"rendered":"https:\/\/eldiariodesanpedro.com.ar\/sitio\/?p=93294"},"modified":"2021-05-27T16:35:48","modified_gmt":"2021-05-27T19:35:48","slug":"campana-madre-e-hija-denunciaron-a-un-familiar-por-abuso-sexual","status":"publish","type":"post","link":"https:\/\/eldiariodesanpedro.com.ar\/sitio\/campana-madre-e-hija-denunciaron-a-un-familiar-por-abuso-sexual\/","title":{"rendered":"CAMPANA | Madre e hija denunciaron a un familiar por abuso sexual"},"content":{"rendered":"<!-- VideographyWP Plugin Message: Automatic video embedding prevented by plugin options. -->\n\n<p><strong>Una mujer y su hija denunciaron que fueron abusadas cuando eran menores de edad por el mismo familiar. El acusado sigue libre y temen por amenazas que reciben a diario.<\/strong><\/p>\n\n\n\n<p>La vecina del Barrio Lubo de Campana, Laura Mariana de Le\u00f3n, denunci\u00f3 que fue v\u00edctima de abuso sexual cuando \u201cqued\u00e1bamos a cuidado de mi abuela materna\u201d quien \u201cme entregaba a su hijo, abusador de mi hija tambi\u00e9n\u201d. En ese sentido revel\u00f3 que los abusos comenzaron cuando ten\u00eda 11 a\u00f1os, a\u00f1adiendo que \u201cme entregaba a un se\u00f1or mayor tambi\u00e9n, por plata\u201d. En ese sentido remarc\u00f3 que \u201cantes los abusos se callaban\u201d especificando que con \u201camenazas y golpes me mantuvieron callada, y despu\u00e9s crec\u00ed con eso sin cont\u00e1rselo a nadie\u201d confes\u00f3.<\/p>\n\n\n\n<p>El acusado, que hoy tiene 50 a\u00f1os de edad, \u201csigui\u00f3 viviendo en mi casa porque nunca lo cont\u00e9\u201d resalt\u00f3 la v\u00edctima qui\u00e9n por circunstancias personales continu\u00f3 viviendo hasta hoy en el mismo hogar. Su silencio persisti\u00f3 hasta que \u201cel 3 de diciembre pasado\u201d cuando estaba junto a su hija, en ese momento de 14 a\u00f1os, \u201cest\u00e1bamos mirando el tel\u00e9fono y aparece un video sobre abuso sexual, ella se larga a llorar y me empieza a contar que el abusador de mi infancia hac\u00eda lo mismo con ella desde los 12 a\u00f1os\u201d. En consecuencia de ese tr\u00e1gico momento cuando su hija cuenta lo sucedido \u201cah\u00ed fue cuando yo pude hablar por primera vez tambi\u00e9n\u201d precis\u00f3 la madre.<\/p>\n\n\n\n<p>El pr\u00f3ximo paso a seguir de la familia sucedi\u00f3 el 4 de diciembre cuando \u201chago la denuncia en la comisaria de la mujer\u201d. Radicada la denuncia, la mujer v\u00edctima de su t\u00edo denunciado como autor del aberrante hecho, junto a la menor de edad tambi\u00e9n afectada por el mismo acusado, arroj\u00f3 que \u201cno pude volver a mi casa durante d\u00edas, porque ten\u00eda que esperar la restituci\u00f3n de hogar del abusador\u201d resaltando que \u201cel abusador durmiendo tranquilo y yo con mis 4 hijos y mi madre sin tener donde ir\u201d.<\/p>\n\n\n\n<p>\u201cEl 7 de diciembre a la ma\u00f1ana temprano esperamos a que no est\u00e9\u201d (el acusado) \u201cy lo esperamos con un patrullero que me hicieron el favor de decirle que se ten\u00eda que retirar pero en verdad el papel no hab\u00eda llegado\u201d dijo, refiri\u00e9ndose a la orden de restituci\u00f3n de hogar para el acusado. Luego, continu\u00f3 relatando que \u201cah\u00ed pudimos volver a mi casa\u201d exponiendo que \u201ccuando \u00e9l se retira del domicilio abro la puerta de su dormitorio que siempre ten\u00eda bajo candado\u201d. En ese lugar \u201cme encuentro con m\u00e1s de 20 profil\u00e1cticos atados y ropas de criaturas manchadas con semen, est\u00e1 todo en fiscal\u00eda\u201d asever\u00f3 Laura. En ese marco e insistiendo en la b\u00fasqueda de elementos que sumen en su causa describi\u00f3 que \u201csigo revolviendo y me encuentro con papeles m\u00e9dicos donde figura que \u00e9l tiene trastorno psic\u00f3tico de triple personalidad\u201d informaci\u00f3n que no hab\u00eda sido revelada con anterioridad \u201cno sab\u00edamos nada\u201d explic\u00f3.<\/p>\n\n\n\n<p>Sobre lo ocurrido entre el abusador y la menor de edad desde el a\u00f1o 2018, Laura Mariana de Le\u00f3n explic\u00f3 que en el hogar conviv\u00edan su madre y sus 4 hijos\/as, aseverando que \u201clos abusos pasaban cuando yo y mi mam\u00e1 concord\u00e1bamos con el turno tarde en el trabajo\u201d quedando as\u00ed \u201cmis hijos a cuidado de mi hijo mayor de 19 a\u00f1os\u201d. Con profundo dolor se lament\u00f3 por lo sucedido y desliz\u00f3 que \u201ceran descuidos que encontraba el abusador para abusar de ella\u201d. Tambi\u00e9n determin\u00f3 que \u201cbajo las mismas amenazas que me hac\u00eda a mi tuvo callada a mi hija\u201d y mencion\u00f3 que la joven v\u00edctima \u201chace un mes y medio quem\u00f3 toda su ropa qued\u00e1ndose con lo puesto y en ese sentido transmiti\u00f3 con v\u00edvida aflicci\u00f3n que \u201clos psic\u00f3logos me dijeron que eso era normal en adolescentes abusados tratando de borrar sus recuerdos\u201d.<\/p>\n\n\n\n<p>En referencia al proceso legal de su hija destac\u00f3 que \u201cmi hija empez\u00f3 con tratamiento psicol\u00f3gico y psiqui\u00e1trico\u201d tambi\u00e9n precis\u00f3 que \u201clos casos se tomaron como denuncias paralelas\u201d consignando que \u201cestamos esperando C\u00e1mara Gesell para ella\u201d. Se\u00f1al\u00f3 que \u201clleg\u00f3 el papel de la restituci\u00f3n pero \u00e9l no se qued\u00f3 conforme con eso\u201d y sobre ello manifest\u00f3 que \u201cle dieron una perimetral de 100 metros, y yo viviendo a mitad de cuadra, \u00e9l se paraba en la esquina violando la perimetral\u201d raz\u00f3n por la cual \u201crealizo otra denuncia por desobediencia pero no pas\u00f3 nada, nunca se lo llevaron preso\u201d asever\u00f3. Asimismo, expres\u00f3 que \u201cempec\u00e9 a recibir amenazas de mi otro t\u00edo quien tiene al abusador en su casa\u201d aduciendo al hecho de que \u201cporque esta es la casa de su madre y yo no tengo derecho de estar en su casa\u201d y es este motivo lo que despierta una profunda intranquilidad y preocupaci\u00f3n en las v\u00edctimas.<\/p>\n\n\n\n<p>Las v\u00edctimas destacaron que lograron \u201cavanzar con la causa\u201d cuando se unieron a la agrupaci\u00f3n \u201cYo si te creo\u201d evidenciando que \u201cla victima tiene que luchar mucho para que te escuchen y te tomen en serio\u201d agregando que haciendo p\u00fablica su causa y \u201cpresionando en las marchas\u201d es la \u00fanica manera efectiva \u201cde ser escuchada\u201d.<br>Respecto a los prejuicios \u201cque puedan emitir en las redes sociales\u201d reflexion\u00f3 diciendo \u201cestoy preparada para todo lo que digan, los comentarios maliciosos no me van a lastimar\u201d concluyendo con una fuerte denuncia social: \u201cpor eso las mujeres no hablan, por culpa de la sociedad\u201d.<\/p>\n\n\n\n<p>Fuente: <a href=\"https:\/\/impactolocal.com.ar\/2021\/05\/26\/madre-e-hija-denunciaron-a-un-familiar-por-abuso-sexual\/\">Impacto Local<\/a><\/p>\n","protected":false},"excerpt":{"rendered":"<p>Una mujer y su hija denunciaron que fueron abusadas cuando eran menores de edad por el mismo familiar. El acusado sigue libre y temen por amenazas que reciben a diario. La vecina del Barrio Lubo de Campana, Laura Mariana de Le\u00f3n, denunci\u00f3 que fue v\u00edctima de abuso sexual cuando \u201cqued\u00e1bamos a cuidado de mi abuela [&hellip;]<\/p>\n","protected":false},"author":4,"featured_media":93295,"comment_status":"open","ping_status":"closed","sticky":false,"template":"","format":"standard","meta":{"om_disable_all_campaigns":false,"_jetpack_memberships_contains_paid_content":false,"footnotes":""},"categories":[621],"tags":[],"class_list":["post-93294","post","type-post","status-publish","format-standard","has-post-thumbnail","hentry","category-regionales"],"aioseo_notices":[],"gutentor_comment":0,"jetpack_featured_media_url":"https:\/\/eldiariodesanpedro.com.ar\/sitio\/wp-content\/uploads\/2021\/05\/b872b37e-1e0a-4615-adc7-d0bae76817fd.jpg","jetpack_shortlink":"https:\/\/wp.me\/p6RhLt-ogK","jetpack_sharing_enabled":true,"_links":{"self":[{"href":"https:\/\/eldiariodesanpedro.com.ar\/sitio\/wp-json\/wp\/v2\/posts\/93294","targetHints":{"allow":["GET"]}}],"collection":[{"href":"https:\/\/eldiariodesanpedro.com.ar\/sitio\/wp-json\/wp\/v2\/posts"}],"about":[{"href":"https:\/\/eldiariodesanpedro.com.ar\/sitio\/wp-json\/wp\/v2\/types\/post"}],"author":[{"embeddable":true,"href":"https:\/\/eldiariodesanpedro.com.ar\/sitio\/wp-json\/wp\/v2\/users\/4"}],"replies":[{"embeddable":true,"href":"https:\/\/eldiariodesanpedro.com.ar\/sitio\/wp-json\/wp\/v2\/comments?post=93294"}],"version-history":[{"count":1,"href":"https:\/\/eldiariodesanpedro.com.ar\/sitio\/wp-json\/wp\/v2\/posts\/93294\/revisions"}],"predecessor-version":[{"id":93296,"href":"https:\/\/eldiariodesanpedro.com.ar\/sitio\/wp-json\/wp\/v2\/posts\/93294\/revisions\/93296"}],"wp:featuredmedia":[{"embeddable":true,"href":"https:\/\/eldiariodesanpedro.com.ar\/sitio\/wp-json\/wp\/v2\/media\/93295"}],"wp:attachment":[{"href":"https:\/\/eldiariodesanpedro.com.ar\/sitio\/wp-json\/wp\/v2\/media?parent=93294"}],"wp:term":[{"taxonomy":"category","embeddable":true,"href":"https:\/\/eldiariodesanpedro.com.ar\/sitio\/wp-json\/wp\/v2\/categories?post=93294"},{"taxonomy":"post_tag","embeddable":true,"href":"https:\/\/eldiariodesanpedro.com.ar\/sitio\/wp-json\/wp\/v2\/tags?post=93294"}],"curies":[{"name":"wp","href":"https:\/\/api.w.org\/{rel}","templated":true}]}}