{"id":93290,"date":"2021-05-27T16:33:17","date_gmt":"2021-05-27T19:33:17","guid":{"rendered":"https:\/\/eldiariodesanpedro.com.ar\/sitio\/?p=93290"},"modified":"2021-05-27T16:33:22","modified_gmt":"2021-05-27T19:33:22","slug":"kicillof-presento-el-tren-sanitario-para-hisopados-y-vacunas","status":"publish","type":"post","link":"https:\/\/eldiariodesanpedro.com.ar\/sitio\/kicillof-presento-el-tren-sanitario-para-hisopados-y-vacunas\/","title":{"rendered":"Kicillof present\u00f3 el tren sanitario para hisopados y vacunas"},"content":{"rendered":"<!-- VideographyWP Plugin Message: Automatic video embedding prevented by plugin options. -->\n\n<p><strong>La Provincia busca hacer llegar el programa Vacunate a las localidades de menor poblaci\u00f3n. En la presentaci\u00f3n, Kicillof estuvo junto a Massa y Guerrera<\/strong><\/p>\n\n\n\n<p>Con el objetivo de ampliar el alcance del programa \u201cVacunate\u201d, el gobernador Axel Kicillof pondr\u00e1 en marcha un tren sanitario que recorrer\u00e1 la provincia de Buenos Aires para realizar hisopados contra el coronavirus y se aplicar\u00e1n vacunas a la poblaci\u00f3n por la gripe y la neumon\u00eda. La presentaci\u00f3n oficial se realiz\u00f3 en un acto conjunto con la presencia del presidente de la C\u00e1mara de Diputados, Sergio Massa y el ministro de Transporte de la Naci\u00f3n, Alexis Guerrera.<\/p>\n\n\n\n<p>La apuesta forma parte de un acuerdo entre Trenes Argentinos y el ministerio de Salud bonaerense. La intenci\u00f3n del gobierno de Axel Kicillof es extender el universo de la atenci\u00f3n sanitaria en m\u00e1s cientos de localidades, pueblos y parajes de la provincia de Buenos Aires, a fin de llevar adelante acciones preventivas como hisopados en torno al coronavirus y contener la propagaci\u00f3n de contagios en el marco de la \u201csegunda ola\u201d.<\/p>\n\n\n\n<p>La expectativa es que circulen en un plazo de dos meses por unas 14 estaciones bonaerenses. En cada punto realizar\u00e1n hisopados y aplicar\u00e1n dosis en el marco del plan \u201cVacunate\u201d y de la campa\u00f1a nacional de vacunaci\u00f3n contra la gripe y la neumon\u00eda.<\/p>\n\n\n\n<p><strong>QU\u00c9 DIJO KICILLOF<\/strong><br>Kicillof remarc\u00f3 que el tren sanitario \u201cno es un discurso, sino una realidad\u201d, y que estar\u00e1 \u201csi todo anda bien, para siempre\u201d prestando servicio en la provincia de Buenos Aires.<\/p>\n\n\n\n<p>\u201cEl recorrido va a estar llevando en este momento hisopados por el coronavirus, evaluaciones m\u00e9dicas y salud p\u00fablica para la comunidad y desde la comunidad. Va a llegar vacunando, por ahora no con vacunas COVID porque necesitamos llegar (primero) a una etapa de vacunar de manera espont\u00e1nea a la poblaci\u00f3n, una vez que terminemos con los esenciales y poblaci\u00f3n de riesgo. Pero va a llegar. Y ah\u00ed va a llegar el tren sanitario llevando salud, derechos, es muy importante el papel del ferrocarril\u201d, destac\u00f3 el mandatario provincial.<\/p>\n\n\n\n<p>A su turno, Sergio Massa indic\u00f3 que el tren \u201cva a ir parando en las estaciones no solo a testear y vacunar, sino a ver todo lo que tiene que ver con la salud\u201d en localidades que est\u00e1n aisladas en la provincia de Buenos Aires. \u201cVicente Casares o Cachar\u00ed son el interior del interior de la provincia de Buenos Aires. Ah\u00ed es donde va el Estado, a cuidar a miles de bonaerenses que necesitan de la mano protectora del Estado\u201d, dijo en su discurso.<\/p>\n\n\n\n<p><strong>AS\u00cd ES EL TREN SANITARIO<\/strong><\/p>\n\n\n\n<p>\u2013 El primero de los coches contiene un vacunatorio, con cuatro puestos de hisopados y un laboratorio instalado desde el que se podr\u00e1n realizar testeos.<br>\u2013 Los m\u00e9dicos que realizan los procedimientos estar\u00e1n protegidos por un vidrio que los separar\u00e1 de los pacientes.<br>\u2013 A fin de garantizar el distanciamiento social, el vidrio tiene un espacio para introducir la mano y realizar el hisopado de forma segura.<br>\u2013 El segundo coche, en tanto, posee dos consultorios m\u00e9dicos, un estar para los profesionales y una farmacia donde estar\u00e1n almacenadas las vacunas. Las unidades cuentan, adem\u00e1s, con un grupo electr\u00f3geno para que, ante posibles cortes de energ\u00eda, la interrupci\u00f3n del suministro el\u00e9ctrico no afecte la preservaci\u00f3n de las vacunas.<\/p>\n\n\n\n<h3 class=\"wp-block-heading\"><strong>EL RECORRIDO<\/strong><\/h3>\n\n\n\n<p>28 y 29 de mayo: Vicente Casares<br>31 de mayo y 1 de junio: Ca\u00f1uelas<br>2 y 3 de junio: San Miguel del Monte<br>4 y 5 de junio: Las Flores<br>6 y 7 de junio: Cachari<br>8 y 9 de junio: Azul<br>10 y 11 de junio: Hinojo<br>12 al 15 de junio: Olavarr\u00eda<br>16 y 17 de junio: General Lamadrid<br>18 y 19 de junio: Coronel Su\u00e1rez<br>20 y 21 de junio: Pig\u00fce<br>22 y 23 de junio: Saavedra<br>24 y 25 de junio: Tornquinst<br>26 al 30 de junio: Bah\u00eda Blanca<\/p>\n\n\n\n<figure class=\"wp-block-image size-large\"><img decoding=\"async\" width=\"800\" height=\"448\" data-attachment-id=\"93292\" data-permalink=\"https:\/\/eldiariodesanpedro.com.ar\/sitio\/kicillof-presento-el-tren-sanitario-para-hisopados-y-vacunas\/tren-sanitario-2\/\" data-orig-file=\"https:\/\/eldiariodesanpedro.com.ar\/sitio\/wp-content\/uploads\/2021\/05\/TREN-SANITARIO-2.jpg\" data-orig-size=\"800,448\" data-comments-opened=\"1\" data-image-meta=\"{&quot;aperture&quot;:&quot;5.6&quot;,&quot;credit&quot;:&quot;&quot;,&quot;camera&quot;:&quot;Canon EOS 80D&quot;,&quot;caption&quot;:&quot;&quot;,&quot;created_timestamp&quot;:&quot;1622025222&quot;,&quot;copyright&quot;:&quot;&quot;,&quot;focal_length&quot;:&quot;18&quot;,&quot;iso&quot;:&quot;250&quot;,&quot;shutter_speed&quot;:&quot;0.001&quot;,&quot;title&quot;:&quot;&quot;,&quot;orientation&quot;:&quot;1&quot;}\" data-image-title=\"TREN-SANITARIO-2\" data-image-description=\"\" data-image-caption=\"\" data-large-file=\"https:\/\/eldiariodesanpedro.com.ar\/sitio\/wp-content\/uploads\/2021\/05\/TREN-SANITARIO-2.jpg\" data-src=\"https:\/\/eldiariodesanpedro.com.ar\/sitio\/wp-content\/uploads\/2021\/05\/TREN-SANITARIO-2.jpg\" alt=\"\" class=\"wp-image-93292 lazyload\" data-srcset=\"https:\/\/eldiariodesanpedro.com.ar\/sitio\/wp-content\/uploads\/2021\/05\/TREN-SANITARIO-2.jpg 800w, https:\/\/eldiariodesanpedro.com.ar\/sitio\/wp-content\/uploads\/2021\/05\/TREN-SANITARIO-2-300x168.jpg 300w, https:\/\/eldiariodesanpedro.com.ar\/sitio\/wp-content\/uploads\/2021\/05\/TREN-SANITARIO-2-768x430.jpg 768w\" data-sizes=\"(max-width: 800px) 100vw, 800px\" src=\"data:image\/svg+xml;base64,PHN2ZyB3aWR0aD0iMSIgaGVpZ2h0PSIxIiB4bWxucz0iaHR0cDovL3d3dy53My5vcmcvMjAwMC9zdmciPjwvc3ZnPg==\" style=\"--smush-placeholder-width: 800px; --smush-placeholder-aspect-ratio: 800\/448;\" \/><\/figure>\n","protected":false},"excerpt":{"rendered":"<p>La Provincia busca hacer llegar el programa Vacunate a las localidades de menor poblaci\u00f3n. En la presentaci\u00f3n, Kicillof estuvo junto a Massa y Guerrera Con el objetivo de ampliar el alcance del programa \u201cVacunate\u201d, el gobernador Axel Kicillof pondr\u00e1 en marcha un tren sanitario que recorrer\u00e1 la provincia de Buenos Aires para realizar hisopados contra [&hellip;]<\/p>\n","protected":false},"author":4,"featured_media":93291,"comment_status":"open","ping_status":"closed","sticky":false,"template":"","format":"standard","meta":{"om_disable_all_campaigns":false,"_jetpack_memberships_contains_paid_content":false,"footnotes":""},"categories":[621],"tags":[],"class_list":["post-93290","post","type-post","status-publish","format-standard","has-post-thumbnail","hentry","category-regionales"],"aioseo_notices":[],"gutentor_comment":0,"jetpack_featured_media_url":"https:\/\/eldiariodesanpedro.com.ar\/sitio\/wp-content\/uploads\/2021\/05\/TREN-SANITARIO-1.jpg","jetpack_shortlink":"https:\/\/wp.me\/p6RhLt-ogG","jetpack_sharing_enabled":true,"_links":{"self":[{"href":"https:\/\/eldiariodesanpedro.com.ar\/sitio\/wp-json\/wp\/v2\/posts\/93290","targetHints":{"allow":["GET"]}}],"collection":[{"href":"https:\/\/eldiariodesanpedro.com.ar\/sitio\/wp-json\/wp\/v2\/posts"}],"about":[{"href":"https:\/\/eldiariodesanpedro.com.ar\/sitio\/wp-json\/wp\/v2\/types\/post"}],"author":[{"embeddable":true,"href":"https:\/\/eldiariodesanpedro.com.ar\/sitio\/wp-json\/wp\/v2\/users\/4"}],"replies":[{"embeddable":true,"href":"https:\/\/eldiariodesanpedro.com.ar\/sitio\/wp-json\/wp\/v2\/comments?post=93290"}],"version-history":[{"count":1,"href":"https:\/\/eldiariodesanpedro.com.ar\/sitio\/wp-json\/wp\/v2\/posts\/93290\/revisions"}],"predecessor-version":[{"id":93293,"href":"https:\/\/eldiariodesanpedro.com.ar\/sitio\/wp-json\/wp\/v2\/posts\/93290\/revisions\/93293"}],"wp:featuredmedia":[{"embeddable":true,"href":"https:\/\/eldiariodesanpedro.com.ar\/sitio\/wp-json\/wp\/v2\/media\/93291"}],"wp:attachment":[{"href":"https:\/\/eldiariodesanpedro.com.ar\/sitio\/wp-json\/wp\/v2\/media?parent=93290"}],"wp:term":[{"taxonomy":"category","embeddable":true,"href":"https:\/\/eldiariodesanpedro.com.ar\/sitio\/wp-json\/wp\/v2\/categories?post=93290"},{"taxonomy":"post_tag","embeddable":true,"href":"https:\/\/eldiariodesanpedro.com.ar\/sitio\/wp-json\/wp\/v2\/tags?post=93290"}],"curies":[{"name":"wp","href":"https:\/\/api.w.org\/{rel}","templated":true}]}}