{"id":93280,"date":"2021-05-27T15:31:28","date_gmt":"2021-05-27T18:31:28","guid":{"rendered":"https:\/\/eldiariodesanpedro.com.ar\/sitio\/?p=93280"},"modified":"2021-05-27T15:39:26","modified_gmt":"2021-05-27T18:39:26","slug":"vergonzoso-un-medico-una-enfermera-y-mas-de-tres-dias-sin-atencion-en-los-enfermos-covid-de-la-clinica-san-pedro","status":"publish","type":"post","link":"https:\/\/eldiariodesanpedro.com.ar\/sitio\/vergonzoso-un-medico-una-enfermera-y-mas-de-tres-dias-sin-atencion-en-los-enfermos-covid-de-la-clinica-san-pedro\/","title":{"rendered":"\u00a1Vergonzoso! Un m\u00e9dico, una enfermera y m\u00e1s de tres d\u00edas sin atenci\u00f3n en los enfermos covid de la Cl\u00ednica San Pedro"},"content":{"rendered":"<!-- VideographyWP Plugin Message: Automatic video embedding prevented by plugin options. -->\n\n<p>En la jornada de hoy se produjo un conflicto en la Cl\u00ednica San Pedro donde se tuvo que hacer presente la polic\u00eda por que un ciudadano con una barreta imped\u00eda el ingreso de personas a la instituci\u00f3n.<\/p>\n\n\n\n<p>Una vez presentes en el lugar pudimos determinar que esta hombre realizaba un reclamo por que hace mas de 3 d\u00edas que no pod\u00edan ver a su madre que se encuentra en el \u00e1rea de internaci\u00f3n covid \u00abde la cl\u00ednica\u00bb no del hospital y hace tres d\u00edas se encuentra esperando para que le realicen una placa y hasta el d\u00eda de hoy no tuvo respuesta.<\/p>\n\n\n\n<p>Seg\u00fan informo el joven la cl\u00ednica tiene 15 habitaciones, aparate de las que alquilo el municipio, que tienen sus propios enfermos de covid pero que solo existe un solo medico, que quien en realidad esta en la guardia,  y durante el fin de semana los enfermos solo tienen una sola enfermera para todos los pacientes.<\/p>\n\n\n\n<p>En el lugar se hicieron presentes familiares de otros pacientes que est\u00e1n en misma situaci\u00f3n y tambi\u00e9n denunciaron que ni siquiera tienen agua en un dispenser y que la atenci\u00f3n es p\u00e9sima teniendo que ellos mismo encargarse de sus familiares internados de coronavirus. <\/p>\n\n\n\n<p>Seg\u00fan conto este reconocido mec\u00e1nico de motos que vive frente a la cl\u00ednica, fue a hacer al denuncia a PAMI quien deber\u00eda ser responsable de la situaci\u00f3n de los internados mayores de edad por parte de la cl\u00ednica y recibi\u00f3 la respuesta \u00abanda a quejarte con Cecilio que esto es culpa de \u00e9l\u00bb cuando claramente es un conflicto entre la obra social y la instituci\u00f3n medica.<\/p>\n\n\n\n<p>Los familiares exigen que los internados de por covid de la cl\u00ednica sean tratados, asistidos y controlados debidamente.<\/p>\n\n\n\n<p>El joven que comenz\u00f3 con este conflicto ya sufri\u00f3 la perdida de tres familiares por la enfermedad, entre ellos su t\u00edo Jorge Lillo, padre del agente asesinado Nelson Lillo. <\/p>\n\n\n\n<p>Cabe aclarar que lo internados en la Cl\u00ednica San Pedro en las habitaciones alquiladas por la municipalidad se encuentran atendiendo correctamente a pesar de la escases de personal, el sector con problemas es el sector perteneciente puro y exclusivamente a la Cl\u00ednica San Pedro de los cuales sus directores y propietarios hasta el momento no han dado la cara.<\/p>\n","protected":false},"excerpt":{"rendered":"<p>En la jornada de hoy se produjo un conflicto en la Cl\u00ednica San Pedro donde se tuvo que hacer presente la polic\u00eda por que un ciudadano con una barreta imped\u00eda el ingreso de personas a la instituci\u00f3n. Una vez presentes en el lugar pudimos determinar que esta hombre realizaba un reclamo por que hace mas [&hellip;]<\/p>\n","protected":false},"author":4,"featured_media":93281,"comment_status":"open","ping_status":"closed","sticky":false,"template":"","format":"standard","meta":{"om_disable_all_campaigns":false,"_jetpack_memberships_contains_paid_content":false,"footnotes":""},"categories":[50,101,2],"tags":[],"class_list":["post-93280","post","type-post","status-publish","format-standard","has-post-thumbnail","hentry","category-destacadas","category-interes-general-locales","category-locales"],"aioseo_notices":[],"gutentor_comment":0,"jetpack_featured_media_url":"https:\/\/eldiariodesanpedro.com.ar\/sitio\/wp-content\/uploads\/2021\/05\/IMG-20210527-WA0022-scaled.jpeg","jetpack_shortlink":"https:\/\/wp.me\/p6RhLt-ogw","jetpack_sharing_enabled":true,"_links":{"self":[{"href":"https:\/\/eldiariodesanpedro.com.ar\/sitio\/wp-json\/wp\/v2\/posts\/93280","targetHints":{"allow":["GET"]}}],"collection":[{"href":"https:\/\/eldiariodesanpedro.com.ar\/sitio\/wp-json\/wp\/v2\/posts"}],"about":[{"href":"https:\/\/eldiariodesanpedro.com.ar\/sitio\/wp-json\/wp\/v2\/types\/post"}],"author":[{"embeddable":true,"href":"https:\/\/eldiariodesanpedro.com.ar\/sitio\/wp-json\/wp\/v2\/users\/4"}],"replies":[{"embeddable":true,"href":"https:\/\/eldiariodesanpedro.com.ar\/sitio\/wp-json\/wp\/v2\/comments?post=93280"}],"version-history":[{"count":3,"href":"https:\/\/eldiariodesanpedro.com.ar\/sitio\/wp-json\/wp\/v2\/posts\/93280\/revisions"}],"predecessor-version":[{"id":93286,"href":"https:\/\/eldiariodesanpedro.com.ar\/sitio\/wp-json\/wp\/v2\/posts\/93280\/revisions\/93286"}],"wp:featuredmedia":[{"embeddable":true,"href":"https:\/\/eldiariodesanpedro.com.ar\/sitio\/wp-json\/wp\/v2\/media\/93281"}],"wp:attachment":[{"href":"https:\/\/eldiariodesanpedro.com.ar\/sitio\/wp-json\/wp\/v2\/media?parent=93280"}],"wp:term":[{"taxonomy":"category","embeddable":true,"href":"https:\/\/eldiariodesanpedro.com.ar\/sitio\/wp-json\/wp\/v2\/categories?post=93280"},{"taxonomy":"post_tag","embeddable":true,"href":"https:\/\/eldiariodesanpedro.com.ar\/sitio\/wp-json\/wp\/v2\/tags?post=93280"}],"curies":[{"name":"wp","href":"https:\/\/api.w.org\/{rel}","templated":true}]}}