{"id":93277,"date":"2021-05-27T12:19:14","date_gmt":"2021-05-27T15:19:14","guid":{"rendered":"https:\/\/eldiariodesanpedro.com.ar\/sitio\/?p=93277"},"modified":"2021-05-27T12:19:18","modified_gmt":"2021-05-27T15:19:18","slug":"mas-de-3-5-millones-de-bonaerenses-recibieron-la-vacuna-y-comenzara-la-vacunacion-a-mayores-de-18-anos-con-comorbilidades","status":"publish","type":"post","link":"https:\/\/eldiariodesanpedro.com.ar\/sitio\/mas-de-3-5-millones-de-bonaerenses-recibieron-la-vacuna-y-comenzara-la-vacunacion-a-mayores-de-18-anos-con-comorbilidades\/","title":{"rendered":"M\u00e1s de 3.5 millones de bonaerenses recibieron la vacuna y comenzar\u00e1 la vacunaci\u00f3n a mayores de 18 a\u00f1os con comorbilidades"},"content":{"rendered":"<!-- VideographyWP Plugin Message: Automatic video embedding prevented by plugin options. -->\n\n<p>M\u00e1s de 3,5 millones de personas de la Provincia recibieron al menos una de las dosis de la vacuna contra el coronavirus. As\u00ed lo anunci\u00f3 Axel Kicillof.<\/p>\n\n\n\n<p>M\u00e1s de 3.5 millones de bonaerenses recibieron al menos una de las dosis de la&nbsp;<strong>vacuna&nbsp;<\/strong>contra la coronavirus. La informaci\u00f3n se desprende de datos realizados por el Ministerio de Salud bonaerense, publicado este jueves por el gobernador&nbsp;<strong>Axel Kicillof.<\/strong><\/p>\n\n\n\n<p>En este momento, en la Provincia se est\u00e1 aplicando la vacuna a todos los mayores de 60 a\u00f1os; los mayores de 40 a\u00f1os con comorbilidades, las embarazadas con enfermedades preexistentes, las personas con discapacidades, los pacientes trasplantados o en lista de espera, los pacientes oncol\u00f3gicos y tambi\u00e9n aquellos que padezcan tuberculosis. Adem\u00e1s se est\u00e1 vacunando a los trabajadores del Servicio Penitenciario Bonaerense.<\/p>\n\n\n\n<p>La campa\u00f1a de vacunaci\u00f3n comenz\u00f3 el 29 de diciembre. Hasta el momento ya se aplicaron 4.401.521 vacunas en la provincia: 3.533.542 primeras dosis y 915.269 del segundo componente. En total, se anotaron 7.207.473 bonaerenses para recibir la vacuna contra el coronavirus.<\/p>\n\n\n\n<p>Para continuar con el plan de vacunaci\u00f3n, la Provincia recibir\u00e1 m\u00e1s de medio mill\u00f3n de dosis en las pr\u00f3ximas horas: 316.800 de AstraZeneca y 234.450 de la vacuna Sputnik V. El gobierno confirm\u00f3 que ser\u00e1n usadas para completar el \u00abhito 2\u00bb de la campa\u00f1a de vacunaci\u00f3n: mayores de 40 con comorbilidades, embarazadas y otros grupos de riesgo.<\/p>\n\n\n\n<h3 class=\"wp-block-heading\">COMIENZAN A VACUNAR A MAYORES DE 18<\/h3>\n\n\n\n<p>Con expectativa por la llegada de m\u00e1s vacunas de Sputnik y AstraZeneca, el ministro de Salud de la provincia de Buenos Aires,&nbsp;<strong>Daniel Gollan<\/strong>, anunci\u00f3 que desde la semana pr\u00f3xima comenzar\u00e1n a vacunar a personas a mayores de 18 a\u00f1os con comorbilidades. Seg\u00fan el funcionario, la siguiente etapa del plan de vacunaci\u00f3n incluye a pacientes de hasta 40 a\u00f1os que integren alg\u00fan grupo de riesgo. Sin embargo, advirti\u00f3 que a\u00fan hay cuatro millones de bonaerenses que no se inscribieron para ser inoculados y los inst\u00f3 a que lo hagan.<\/p>\n\n\n\n<p>Adem\u00e1s,&nbsp;<strong>Gollan<\/strong>&nbsp;asegur\u00f3 que el efecto de las medidas de restricci\u00f3n adoptadas por el Gobierno nacional para mitigar los contagios de coronavirus comenzar\u00e1n a notarse \u201cdentro de dos o tres d\u00edas\u201d.<\/p>\n\n\n\n<p>\u201cTuvimos dos d\u00edas de feriado, donde las cifras (de contagios) son menores. Comparadas con el lunes y martes anterior, ayer tuvimos un descenso bastante importante de casos, pero se puede deber al feriado\u201d, dijo el funcionario en declaraciones a radio El Destape.<\/p>\n\n\n\n<p>En ese marco, plante\u00f3 que ayer se registraron 1.699 casos menos que el mi\u00e9rcoles anterior, dato que calific\u00f3 como \u201cpositivo\u201d y remarc\u00f3 que se espera \u201cque sea el inicio del descenso\u201d.<\/p>\n\n\n\n<p>Cabe se\u00f1alar que pese a que ayer el dato global a nivel pa\u00eds arroj\u00f3 un total de 35.399 casos, la provincia de Buenos Aires sum\u00f3 12.659 casos, por debajo de los picos de 14 mil de la semana pasada.<\/p>\n\n\n\n<h3 class=\"wp-block-heading\">EL \u00c9XITO DE LA APP<\/h3>\n\n\n\n<p>La aplicaci\u00f3n VacunatePBA, dise\u00f1ada por el gobierno de la provincia de Buenos Aires para el plan de inmunizaci\u00f3n contra el coronavirus, super\u00f3 las cinco millones de descargas en sus distintas plataformas.<\/p>\n\n\n\n<p>Fuente: <a href=\"https:\/\/infocielo.com\/vacuna\/mas-35-millones-bonaerenses-recibieron-la-vacuna-n712522\">Infocielo<\/a><\/p>\n","protected":false},"excerpt":{"rendered":"<p>M\u00e1s de 3,5 millones de personas de la Provincia recibieron al menos una de las dosis de la vacuna contra el coronavirus. As\u00ed lo anunci\u00f3 Axel Kicillof. M\u00e1s de 3.5 millones de bonaerenses recibieron al menos una de las dosis de la&nbsp;vacuna&nbsp;contra la coronavirus. La informaci\u00f3n se desprende de datos realizados por el Ministerio de [&hellip;]<\/p>\n","protected":false},"author":4,"featured_media":93278,"comment_status":"open","ping_status":"closed","sticky":false,"template":"","format":"standard","meta":{"om_disable_all_campaigns":false,"_jetpack_memberships_contains_paid_content":false,"footnotes":""},"categories":[621],"tags":[],"class_list":["post-93277","post","type-post","status-publish","format-standard","has-post-thumbnail","hentry","category-regionales"],"aioseo_notices":[],"gutentor_comment":0,"jetpack_featured_media_url":"https:\/\/eldiariodesanpedro.com.ar\/sitio\/wp-content\/uploads\/2021\/05\/se-acelera-la-campana-vacunacion-la-provincia.jpg","jetpack_shortlink":"https:\/\/wp.me\/p6RhLt-ogt","jetpack_sharing_enabled":true,"_links":{"self":[{"href":"https:\/\/eldiariodesanpedro.com.ar\/sitio\/wp-json\/wp\/v2\/posts\/93277","targetHints":{"allow":["GET"]}}],"collection":[{"href":"https:\/\/eldiariodesanpedro.com.ar\/sitio\/wp-json\/wp\/v2\/posts"}],"about":[{"href":"https:\/\/eldiariodesanpedro.com.ar\/sitio\/wp-json\/wp\/v2\/types\/post"}],"author":[{"embeddable":true,"href":"https:\/\/eldiariodesanpedro.com.ar\/sitio\/wp-json\/wp\/v2\/users\/4"}],"replies":[{"embeddable":true,"href":"https:\/\/eldiariodesanpedro.com.ar\/sitio\/wp-json\/wp\/v2\/comments?post=93277"}],"version-history":[{"count":1,"href":"https:\/\/eldiariodesanpedro.com.ar\/sitio\/wp-json\/wp\/v2\/posts\/93277\/revisions"}],"predecessor-version":[{"id":93279,"href":"https:\/\/eldiariodesanpedro.com.ar\/sitio\/wp-json\/wp\/v2\/posts\/93277\/revisions\/93279"}],"wp:featuredmedia":[{"embeddable":true,"href":"https:\/\/eldiariodesanpedro.com.ar\/sitio\/wp-json\/wp\/v2\/media\/93278"}],"wp:attachment":[{"href":"https:\/\/eldiariodesanpedro.com.ar\/sitio\/wp-json\/wp\/v2\/media?parent=93277"}],"wp:term":[{"taxonomy":"category","embeddable":true,"href":"https:\/\/eldiariodesanpedro.com.ar\/sitio\/wp-json\/wp\/v2\/categories?post=93277"},{"taxonomy":"post_tag","embeddable":true,"href":"https:\/\/eldiariodesanpedro.com.ar\/sitio\/wp-json\/wp\/v2\/tags?post=93277"}],"curies":[{"name":"wp","href":"https:\/\/api.w.org\/{rel}","templated":true}]}}