{"id":93270,"date":"2021-05-27T12:04:44","date_gmt":"2021-05-27T15:04:44","guid":{"rendered":"https:\/\/eldiariodesanpedro.com.ar\/sitio\/?p=93270"},"modified":"2021-05-27T12:04:44","modified_gmt":"2021-05-27T15:04:44","slug":"tarjeta-alimentar-hoy-comienza-el-cronograma-de-pagos","status":"publish","type":"post","link":"https:\/\/eldiariodesanpedro.com.ar\/sitio\/tarjeta-alimentar-hoy-comienza-el-cronograma-de-pagos\/","title":{"rendered":"Tarjeta Alimentar: hoy comienza el cronograma de pagos"},"content":{"rendered":"<!-- VideographyWP Plugin Message: Automatic video embedding prevented by plugin options. -->\n\n<p>Este jueves 27 de&nbsp;mayo&nbsp;comenz\u00f3 el cronograma de pagos para los beneficiarios de la&nbsp;<strong>Tarjeta Alimentar<\/strong>&nbsp;que cobran por medio de su cuenta de la&nbsp;<strong>Asignaci\u00f3n Universal por Hijo (AUH)<\/strong>. En el marco del plan \u00abArgentina contra el hambre\u00bb, la tarjeta este mes alcanzar\u00e1 a casi cuatro millones de ni\u00f1as y ni\u00f1os de hasta 14 a\u00f1os inclusive. El&nbsp;<strong>Ministerio de Desarrollo Social de la Naci\u00f3n<\/strong>&nbsp;inform\u00f3 adem\u00e1s que aquellos beneficiarios que quienes cuentan con la tarjeta, ya se les hab\u00eda acreditado el viernes 21 de mayo.<\/p>\n\n\n\n<p>Para quienes cobran a trav\u00e9s de la Asignaci\u00f3n Universal por Hijo (AUH), y tienen ni\u00f1as y ni\u00f1os de 0 a 6 a\u00f1os, el calendario de pago ser\u00e1 el siguiente:<\/p>\n\n\n\n<p>Documentos terminados en 0 y 1: Jueves 27 de mayo.<br>Documentos terminados en 2 y 3: Viernes 28 de mayo.<br>Documentos terminados en 4 y 5: Lunes 31 de mayo.<br>Documentos terminados en 6 y 7: Martes 1 de junio.<br>Documentos terminados en 8 y 9: Mi\u00e9rcoles 2 de junio.<\/p>\n\n\n\n<p>Por su parte, quienes se incorporan este mes a trav\u00e9s de la AUH y tienen hijas e hijos de entre 7 y 14 a\u00f1os de edad inclusive, se les acreditar\u00e1 con este cronograma:<\/p>\n\n\n\n<p>Documentos terminados en 2 y 3: Viernes 28 de mayo.<br>Documentos terminados en 4 y 5: Lunes 31 de mayo.<br>Documentos terminados en 6 y 7: Martes 1 de junio.<br>Documentos terminados en 8 y 9: Mi\u00e9rcoles 2 de junio.<br>Documentos terminados en 0 y 1: Jueves 3 de junio.<\/p>\n\n\n\n<p><strong>En tanto, para quienes tienen la tarjeta en forma f\u00edsica, el pago de la suma complementaria por las hijas e hijos de entre 7 y 14 a\u00f1os se realizar\u00e1 el 28 de mayo.<\/strong><\/p>\n\n\n\n<p>La Tarjeta Alimentar es el principal instrumento del Plan Argentina contra el hambre y fue ampliado este mes: pas\u00f3 de alcanzar a 1,9 millones a 4 millones de ni\u00f1os y ni\u00f1as. Ahora est\u00e1 destinado a madres o padres con hijos e hijas de hasta 14 a\u00f1os de edad que reciben la AUH, embarazadas a partir del tercer mes que reciben AUH, personas con discapacidad que reciben AUH y madres con m\u00e1s de 7 hijos.<\/p>\n","protected":false},"excerpt":{"rendered":"<p>Este jueves 27 de&nbsp;mayo&nbsp;comenz\u00f3 el cronograma de pagos para los beneficiarios de la&nbsp;Tarjeta Alimentar&nbsp;que cobran por medio de su cuenta de la&nbsp;Asignaci\u00f3n Universal por Hijo (AUH). En el marco del plan \u00abArgentina contra el hambre\u00bb, la tarjeta este mes alcanzar\u00e1 a casi cuatro millones de ni\u00f1as y ni\u00f1os de hasta 14 a\u00f1os inclusive. El&nbsp;Ministerio de [&hellip;]<\/p>\n","protected":false},"author":4,"featured_media":93272,"comment_status":"open","ping_status":"closed","sticky":false,"template":"","format":"standard","meta":{"om_disable_all_campaigns":false,"_jetpack_memberships_contains_paid_content":false,"footnotes":""},"categories":[621],"tags":[],"class_list":["post-93270","post","type-post","status-publish","format-standard","has-post-thumbnail","hentry","category-regionales"],"aioseo_notices":[],"gutentor_comment":0,"jetpack_featured_media_url":"https:\/\/eldiariodesanpedro.com.ar\/sitio\/wp-content\/uploads\/2021\/05\/este-jueves-27-mayo-cobran-los-beneficiarios-la-tarjeta-alimentar-dni-finalizados-0-y-1.jpg","jetpack_shortlink":"https:\/\/wp.me\/p6RhLt-ogm","jetpack_sharing_enabled":true,"_links":{"self":[{"href":"https:\/\/eldiariodesanpedro.com.ar\/sitio\/wp-json\/wp\/v2\/posts\/93270","targetHints":{"allow":["GET"]}}],"collection":[{"href":"https:\/\/eldiariodesanpedro.com.ar\/sitio\/wp-json\/wp\/v2\/posts"}],"about":[{"href":"https:\/\/eldiariodesanpedro.com.ar\/sitio\/wp-json\/wp\/v2\/types\/post"}],"author":[{"embeddable":true,"href":"https:\/\/eldiariodesanpedro.com.ar\/sitio\/wp-json\/wp\/v2\/users\/4"}],"replies":[{"embeddable":true,"href":"https:\/\/eldiariodesanpedro.com.ar\/sitio\/wp-json\/wp\/v2\/comments?post=93270"}],"version-history":[{"count":2,"href":"https:\/\/eldiariodesanpedro.com.ar\/sitio\/wp-json\/wp\/v2\/posts\/93270\/revisions"}],"predecessor-version":[{"id":93273,"href":"https:\/\/eldiariodesanpedro.com.ar\/sitio\/wp-json\/wp\/v2\/posts\/93270\/revisions\/93273"}],"wp:featuredmedia":[{"embeddable":true,"href":"https:\/\/eldiariodesanpedro.com.ar\/sitio\/wp-json\/wp\/v2\/media\/93272"}],"wp:attachment":[{"href":"https:\/\/eldiariodesanpedro.com.ar\/sitio\/wp-json\/wp\/v2\/media?parent=93270"}],"wp:term":[{"taxonomy":"category","embeddable":true,"href":"https:\/\/eldiariodesanpedro.com.ar\/sitio\/wp-json\/wp\/v2\/categories?post=93270"},{"taxonomy":"post_tag","embeddable":true,"href":"https:\/\/eldiariodesanpedro.com.ar\/sitio\/wp-json\/wp\/v2\/tags?post=93270"}],"curies":[{"name":"wp","href":"https:\/\/api.w.org\/{rel}","templated":true}]}}