{"id":93267,"date":"2021-05-27T11:47:45","date_gmt":"2021-05-27T14:47:45","guid":{"rendered":"https:\/\/eldiariodesanpedro.com.ar\/sitio\/?p=93267"},"modified":"2021-05-27T11:47:49","modified_gmt":"2021-05-27T14:47:49","slug":"el-centro-de-comercio-solicita-permitir-la-apertura-de-los-comercios-entre-las-10-y-15-hs-con-protocolos","status":"publish","type":"post","link":"https:\/\/eldiariodesanpedro.com.ar\/sitio\/el-centro-de-comercio-solicita-permitir-la-apertura-de-los-comercios-entre-las-10-y-15-hs-con-protocolos\/","title":{"rendered":"El Centro de Comercio solicita permitir la apertura de los comercios entre las 10 y 15 hs con protocolos"},"content":{"rendered":"<!-- VideographyWP Plugin Message: Automatic video embedding prevented by plugin options. -->\n\n<p>El Centro de Comercio Industria y Turismo de la Municipalidad de San Pedro present\u00f3 formalmente este mi\u00e9rcoles 26 de mayo una carta dirigida al Intendente Municipal Cecilio Salazar en la que hace referencia a una comunicaci\u00f3n elaborada por la Comisi\u00f3n Directiva, alertando sobre las instancias decisivas que enfrentan los sectores que forman parte de la entidad frente a las nuevas restricciones previstas en el marco de la Pandemia por COVID.<\/p>\n\n\n\n<p>\u00ab<em>El Centro de Comercio, Industria y Turismo de la Ciudad de San Pedro, frente a las nuevas restricciones previstas en el marco de la Pandemia por COVID, manifiesta la necesidad urgente de un auxilio financiero, impositivo y previsional para los sectores comercial, industrial y tur\u00edstico de nuestra ciudad, ya duramente golpeados, que les permita mantener la actividad, superar la coyuntura y evitar las consecuencias de un cierre definitivo, con la inevitable secuela de p\u00e9rdida de puestos de trabajo, en un contexto socio econ\u00f3mico sumamente complejo, o en su defecto, permitir flexibilizar a que todo el sector comercial pueda trabajar con los protocolos correspondientes de manera presencial (ingreso de 1 o 2 pesonas) de 10:00 hs a 15:00 hs, y el resto del horario hasta el cierre previsto por el DNU en la modalidad Delivery. Asimismo, los considerados esenciales permitirles una extensi\u00f3n horaria m\u00e1s amplia que evite las concentraciones que actualmente se suceden, como tambi\u00e9n, para que el personal de diferentes trabajos, al terminar su jornada laboral puedan encontrar abiertos lugares donde poder comprar alimentos principalmente.\u00bb<\/em><\/p>\n\n\n<a href=\"https:\/\/eldiariodesanpedro.com.ar\/sitio\/wp-content\/uploads\/2021\/05\/CARTA-CENTRO-DE-COMERCIO-26052021.pdf\" class=\"pdfemb-viewer\" style=\"\" data-width=\"max\" data-height=\"max\" data-toolbar=\"bottom\" data-toolbar-fixed=\"off\">CARTA-CENTRO-DE-COMERCIO-26052021<\/a>\n<p class=\"wp-block-pdfemb-pdf-embedder-viewer\"><\/p>\n","protected":false},"excerpt":{"rendered":"<p>El Centro de Comercio Industria y Turismo de la Municipalidad de San Pedro present\u00f3 formalmente este mi\u00e9rcoles 26 de mayo una carta dirigida al Intendente Municipal Cecilio Salazar en la que hace referencia a una comunicaci\u00f3n elaborada por la Comisi\u00f3n Directiva, alertando sobre las instancias decisivas que enfrentan los sectores que forman parte de la [&hellip;]<\/p>\n","protected":false},"author":4,"featured_media":90724,"comment_status":"open","ping_status":"closed","sticky":false,"template":"","format":"standard","meta":{"om_disable_all_campaigns":false,"_jetpack_memberships_contains_paid_content":false,"footnotes":""},"categories":[50,101,2],"tags":[],"class_list":["post-93267","post","type-post","status-publish","format-standard","has-post-thumbnail","hentry","category-destacadas","category-interes-general-locales","category-locales"],"aioseo_notices":[],"gutentor_comment":0,"jetpack_featured_media_url":"https:\/\/eldiariodesanpedro.com.ar\/sitio\/wp-content\/uploads\/2021\/04\/segunda-ola-coronavirus-el-gobierno-bonaerense-envio-un-pedido-la-poblacion.jpg","jetpack_shortlink":"https:\/\/wp.me\/p6RhLt-ogj","jetpack_sharing_enabled":true,"_links":{"self":[{"href":"https:\/\/eldiariodesanpedro.com.ar\/sitio\/wp-json\/wp\/v2\/posts\/93267","targetHints":{"allow":["GET"]}}],"collection":[{"href":"https:\/\/eldiariodesanpedro.com.ar\/sitio\/wp-json\/wp\/v2\/posts"}],"about":[{"href":"https:\/\/eldiariodesanpedro.com.ar\/sitio\/wp-json\/wp\/v2\/types\/post"}],"author":[{"embeddable":true,"href":"https:\/\/eldiariodesanpedro.com.ar\/sitio\/wp-json\/wp\/v2\/users\/4"}],"replies":[{"embeddable":true,"href":"https:\/\/eldiariodesanpedro.com.ar\/sitio\/wp-json\/wp\/v2\/comments?post=93267"}],"version-history":[{"count":1,"href":"https:\/\/eldiariodesanpedro.com.ar\/sitio\/wp-json\/wp\/v2\/posts\/93267\/revisions"}],"predecessor-version":[{"id":93269,"href":"https:\/\/eldiariodesanpedro.com.ar\/sitio\/wp-json\/wp\/v2\/posts\/93267\/revisions\/93269"}],"wp:featuredmedia":[{"embeddable":true,"href":"https:\/\/eldiariodesanpedro.com.ar\/sitio\/wp-json\/wp\/v2\/media\/90724"}],"wp:attachment":[{"href":"https:\/\/eldiariodesanpedro.com.ar\/sitio\/wp-json\/wp\/v2\/media?parent=93267"}],"wp:term":[{"taxonomy":"category","embeddable":true,"href":"https:\/\/eldiariodesanpedro.com.ar\/sitio\/wp-json\/wp\/v2\/categories?post=93267"},{"taxonomy":"post_tag","embeddable":true,"href":"https:\/\/eldiariodesanpedro.com.ar\/sitio\/wp-json\/wp\/v2\/tags?post=93267"}],"curies":[{"name":"wp","href":"https:\/\/api.w.org\/{rel}","templated":true}]}}