{"id":93262,"date":"2021-05-27T11:23:54","date_gmt":"2021-05-27T14:23:54","guid":{"rendered":"https:\/\/eldiariodesanpedro.com.ar\/sitio\/?p=93262"},"modified":"2021-05-27T11:24:00","modified_gmt":"2021-05-27T14:24:00","slug":"un-ciudadano-aprehendido-por-violencia-de-genero","status":"publish","type":"post","link":"https:\/\/eldiariodesanpedro.com.ar\/sitio\/un-ciudadano-aprehendido-por-violencia-de-genero\/","title":{"rendered":"Un ciudadano aprehendido por violencia de genero"},"content":{"rendered":"<!-- VideographyWP Plugin Message: Automatic video embedding prevented by plugin options. -->\n\n<p>Este mi\u00e9rcoles la polic\u00eda de nuestra ciudad se hace presente en una vivienda alrededor de las 21:30 horas ubicada en Callej\u00f3n Coronato y Saavedra procede a la aprehensi\u00f3n masculino de 40 a\u00f1os de edad, quien momentos previos refiere amenazas verbales a pareja de nombre de 41 a\u00f1os.&nbsp;La v\u00edctima result\u00f3 ilesa, trasladada a la Comisar\u00eda de la Mujer y la Familia San Pedro donde realiz\u00f3 la correspondiente denuncia.<\/p>\n","protected":false},"excerpt":{"rendered":"<p>Este mi\u00e9rcoles la polic\u00eda de nuestra ciudad se hace presente en una vivienda alrededor de las 21:30 horas ubicada en Callej\u00f3n Coronato y Saavedra procede a la aprehensi\u00f3n masculino de 40 a\u00f1os de edad, quien momentos previos refiere amenazas verbales a pareja de nombre de 41 a\u00f1os.&nbsp;La v\u00edctima result\u00f3 ilesa, trasladada a la Comisar\u00eda de [&hellip;]<\/p>\n","protected":false},"author":4,"featured_media":70421,"comment_status":"open","ping_status":"closed","sticky":false,"template":"","format":"standard","meta":{"om_disable_all_campaigns":false,"_jetpack_memberships_contains_paid_content":false,"footnotes":""},"categories":[2,103],"tags":[],"class_list":["post-93262","post","type-post","status-publish","format-standard","has-post-thumbnail","hentry","category-locales","category-policiales-locales"],"aioseo_notices":[],"gutentor_comment":0,"jetpack_featured_media_url":"https:\/\/eldiariodesanpedro.com.ar\/sitio\/wp-content\/uploads\/2020\/03\/esposas-detenido-1.jpg","jetpack_shortlink":"https:\/\/wp.me\/p6RhLt-oge","jetpack_sharing_enabled":true,"_links":{"self":[{"href":"https:\/\/eldiariodesanpedro.com.ar\/sitio\/wp-json\/wp\/v2\/posts\/93262","targetHints":{"allow":["GET"]}}],"collection":[{"href":"https:\/\/eldiariodesanpedro.com.ar\/sitio\/wp-json\/wp\/v2\/posts"}],"about":[{"href":"https:\/\/eldiariodesanpedro.com.ar\/sitio\/wp-json\/wp\/v2\/types\/post"}],"author":[{"embeddable":true,"href":"https:\/\/eldiariodesanpedro.com.ar\/sitio\/wp-json\/wp\/v2\/users\/4"}],"replies":[{"embeddable":true,"href":"https:\/\/eldiariodesanpedro.com.ar\/sitio\/wp-json\/wp\/v2\/comments?post=93262"}],"version-history":[{"count":1,"href":"https:\/\/eldiariodesanpedro.com.ar\/sitio\/wp-json\/wp\/v2\/posts\/93262\/revisions"}],"predecessor-version":[{"id":93263,"href":"https:\/\/eldiariodesanpedro.com.ar\/sitio\/wp-json\/wp\/v2\/posts\/93262\/revisions\/93263"}],"wp:featuredmedia":[{"embeddable":true,"href":"https:\/\/eldiariodesanpedro.com.ar\/sitio\/wp-json\/wp\/v2\/media\/70421"}],"wp:attachment":[{"href":"https:\/\/eldiariodesanpedro.com.ar\/sitio\/wp-json\/wp\/v2\/media?parent=93262"}],"wp:term":[{"taxonomy":"category","embeddable":true,"href":"https:\/\/eldiariodesanpedro.com.ar\/sitio\/wp-json\/wp\/v2\/categories?post=93262"},{"taxonomy":"post_tag","embeddable":true,"href":"https:\/\/eldiariodesanpedro.com.ar\/sitio\/wp-json\/wp\/v2\/tags?post=93262"}],"curies":[{"name":"wp","href":"https:\/\/api.w.org\/{rel}","templated":true}]}}