{"id":93257,"date":"2021-05-27T11:11:40","date_gmt":"2021-05-27T14:11:40","guid":{"rendered":"https:\/\/eldiariodesanpedro.com.ar\/sitio\/?p=93257"},"modified":"2021-05-27T11:11:45","modified_gmt":"2021-05-27T14:11:45","slug":"robaron-un-extractor-en-una-vivienda","status":"publish","type":"post","link":"https:\/\/eldiariodesanpedro.com.ar\/sitio\/robaron-un-extractor-en-una-vivienda\/","title":{"rendered":"Robaron un extractor en una vivienda"},"content":{"rendered":"<!-- VideographyWP Plugin Message: Automatic video embedding prevented by plugin options. -->\n\n<p>Se recibi\u00f3 una denuncia en la comisar\u00eda local por el robo de un extractor en una vivienda de nuestra ciudad.<\/p>\n\n\n\n<p>La denuncia fue radicada en la comisar\u00eda local de la ciudad este mi\u00e9rcoles al mediod\u00eda, donde un ciudadano de 52 a\u00f1os declar\u00f3 que autores ignorados ingresaron a una vivienda ubicada en calle Col\u00f3n al 1000 donde la v\u00edctima constat\u00f3 que autores ignorados en horas de la ma\u00f1ana le sustrajeron un extractor e\u00f3lico, instalado en el techo del galp\u00f3n.<\/p>\n\n\n\n<p>La polic\u00eda investiga el hecho para dar con los delincuentes y el extractor.<\/p>\n","protected":false},"excerpt":{"rendered":"<p>Se recibi\u00f3 una denuncia en la comisar\u00eda local por el robo de un extractor en una vivienda de nuestra ciudad. La denuncia fue radicada en la comisar\u00eda local de la ciudad este mi\u00e9rcoles al mediod\u00eda, donde un ciudadano de 52 a\u00f1os declar\u00f3 que autores ignorados ingresaron a una vivienda ubicada en calle Col\u00f3n al 1000 [&hellip;]<\/p>\n","protected":false},"author":4,"featured_media":77860,"comment_status":"open","ping_status":"closed","sticky":false,"template":"","format":"standard","meta":{"om_disable_all_campaigns":false,"_jetpack_memberships_contains_paid_content":false,"footnotes":""},"categories":[2,103],"tags":[],"class_list":["post-93257","post","type-post","status-publish","format-standard","has-post-thumbnail","hentry","category-locales","category-policiales-locales"],"aioseo_notices":[],"gutentor_comment":0,"jetpack_featured_media_url":"https:\/\/eldiariodesanpedro.com.ar\/sitio\/wp-content\/uploads\/2020\/07\/000085506.jpg","jetpack_shortlink":"https:\/\/wp.me\/p6RhLt-og9","jetpack_sharing_enabled":true,"_links":{"self":[{"href":"https:\/\/eldiariodesanpedro.com.ar\/sitio\/wp-json\/wp\/v2\/posts\/93257","targetHints":{"allow":["GET"]}}],"collection":[{"href":"https:\/\/eldiariodesanpedro.com.ar\/sitio\/wp-json\/wp\/v2\/posts"}],"about":[{"href":"https:\/\/eldiariodesanpedro.com.ar\/sitio\/wp-json\/wp\/v2\/types\/post"}],"author":[{"embeddable":true,"href":"https:\/\/eldiariodesanpedro.com.ar\/sitio\/wp-json\/wp\/v2\/users\/4"}],"replies":[{"embeddable":true,"href":"https:\/\/eldiariodesanpedro.com.ar\/sitio\/wp-json\/wp\/v2\/comments?post=93257"}],"version-history":[{"count":1,"href":"https:\/\/eldiariodesanpedro.com.ar\/sitio\/wp-json\/wp\/v2\/posts\/93257\/revisions"}],"predecessor-version":[{"id":93258,"href":"https:\/\/eldiariodesanpedro.com.ar\/sitio\/wp-json\/wp\/v2\/posts\/93257\/revisions\/93258"}],"wp:featuredmedia":[{"embeddable":true,"href":"https:\/\/eldiariodesanpedro.com.ar\/sitio\/wp-json\/wp\/v2\/media\/77860"}],"wp:attachment":[{"href":"https:\/\/eldiariodesanpedro.com.ar\/sitio\/wp-json\/wp\/v2\/media?parent=93257"}],"wp:term":[{"taxonomy":"category","embeddable":true,"href":"https:\/\/eldiariodesanpedro.com.ar\/sitio\/wp-json\/wp\/v2\/categories?post=93257"},{"taxonomy":"post_tag","embeddable":true,"href":"https:\/\/eldiariodesanpedro.com.ar\/sitio\/wp-json\/wp\/v2\/tags?post=93257"}],"curies":[{"name":"wp","href":"https:\/\/api.w.org\/{rel}","templated":true}]}}