{"id":93177,"date":"2021-05-26T11:23:56","date_gmt":"2021-05-26T14:23:56","guid":{"rendered":"https:\/\/eldiariodesanpedro.com.ar\/sitio\/?p=93177"},"modified":"2021-05-26T11:24:01","modified_gmt":"2021-05-26T14:24:01","slug":"un-joven-de-25-anos-violo-la-perimetral-que-le-puso-su-madre-en-un-caso-de-violencia-de-genero","status":"publish","type":"post","link":"https:\/\/eldiariodesanpedro.com.ar\/sitio\/un-joven-de-25-anos-violo-la-perimetral-que-le-puso-su-madre-en-un-caso-de-violencia-de-genero\/","title":{"rendered":"Un joven de 25 a\u00f1os violo la perimetral que le puso su madre en un caso de violencia de genero"},"content":{"rendered":"<!-- VideographyWP Plugin Message: Automatic video embedding prevented by plugin options. -->\n\n<p>En la jornada de hoy en horas de la madrugada alrededor de las 04 hs el personal policial se hace presente en calle Auli al 200 aprehende a un ciudadano de 25 a\u00f1os con frondosos antecedentes quien se encontraba violando per\u00edmetro de acercamiento a favor de su madre una mujer de 48 a\u00f1os por violencia familiar.<\/p>\n\n\n\n<p>El joven fue trasladado a la dependencia policial donde interviene UFI 07.<\/p>\n","protected":false},"excerpt":{"rendered":"<p>En la jornada de hoy en horas de la madrugada alrededor de las 04 hs el personal policial se hace presente en calle Auli al 200 aprehende a un ciudadano de 25 a\u00f1os con frondosos antecedentes quien se encontraba violando per\u00edmetro de acercamiento a favor de su madre una mujer de 48 a\u00f1os por violencia [&hellip;]<\/p>\n","protected":false},"author":4,"featured_media":93178,"comment_status":"open","ping_status":"closed","sticky":false,"template":"","format":"standard","meta":{"om_disable_all_campaigns":false,"_jetpack_memberships_contains_paid_content":false,"footnotes":""},"categories":[2,103],"tags":[],"class_list":["post-93177","post","type-post","status-publish","format-standard","has-post-thumbnail","hentry","category-locales","category-policiales-locales"],"aioseo_notices":[],"gutentor_comment":0,"jetpack_featured_media_url":"https:\/\/eldiariodesanpedro.com.ar\/sitio\/wp-content\/uploads\/2021\/05\/WhatsApp-Image-2021-05-26-at-10.10.04.jpeg","jetpack_shortlink":"https:\/\/wp.me\/p6RhLt-oeR","jetpack_sharing_enabled":true,"_links":{"self":[{"href":"https:\/\/eldiariodesanpedro.com.ar\/sitio\/wp-json\/wp\/v2\/posts\/93177","targetHints":{"allow":["GET"]}}],"collection":[{"href":"https:\/\/eldiariodesanpedro.com.ar\/sitio\/wp-json\/wp\/v2\/posts"}],"about":[{"href":"https:\/\/eldiariodesanpedro.com.ar\/sitio\/wp-json\/wp\/v2\/types\/post"}],"author":[{"embeddable":true,"href":"https:\/\/eldiariodesanpedro.com.ar\/sitio\/wp-json\/wp\/v2\/users\/4"}],"replies":[{"embeddable":true,"href":"https:\/\/eldiariodesanpedro.com.ar\/sitio\/wp-json\/wp\/v2\/comments?post=93177"}],"version-history":[{"count":1,"href":"https:\/\/eldiariodesanpedro.com.ar\/sitio\/wp-json\/wp\/v2\/posts\/93177\/revisions"}],"predecessor-version":[{"id":93179,"href":"https:\/\/eldiariodesanpedro.com.ar\/sitio\/wp-json\/wp\/v2\/posts\/93177\/revisions\/93179"}],"wp:featuredmedia":[{"embeddable":true,"href":"https:\/\/eldiariodesanpedro.com.ar\/sitio\/wp-json\/wp\/v2\/media\/93178"}],"wp:attachment":[{"href":"https:\/\/eldiariodesanpedro.com.ar\/sitio\/wp-json\/wp\/v2\/media?parent=93177"}],"wp:term":[{"taxonomy":"category","embeddable":true,"href":"https:\/\/eldiariodesanpedro.com.ar\/sitio\/wp-json\/wp\/v2\/categories?post=93177"},{"taxonomy":"post_tag","embeddable":true,"href":"https:\/\/eldiariodesanpedro.com.ar\/sitio\/wp-json\/wp\/v2\/tags?post=93177"}],"curies":[{"name":"wp","href":"https:\/\/api.w.org\/{rel}","templated":true}]}}