{"id":93175,"date":"2021-05-26T11:09:06","date_gmt":"2021-05-26T14:09:06","guid":{"rendered":"https:\/\/eldiariodesanpedro.com.ar\/sitio\/?p=93175"},"modified":"2021-05-26T11:09:10","modified_gmt":"2021-05-26T14:09:10","slug":"la-policia-intervino-en-un-almuerzo-en-paraje-tablas-con-mas-de-35-personas","status":"publish","type":"post","link":"https:\/\/eldiariodesanpedro.com.ar\/sitio\/la-policia-intervino-en-un-almuerzo-en-paraje-tablas-con-mas-de-35-personas\/","title":{"rendered":"La polic\u00eda intervino en un almuerzo en Paraje Tablas con mas de 35 personas"},"content":{"rendered":"<!-- VideographyWP Plugin Message: Automatic video embedding prevented by plugin options. -->\n\n<p>En la tarde de ayer el personal policial de nuestra ciudad junto a inspecci\u00f3n, constat\u00f3 en camino rural Paraje Tables,un almuerzo familiar con m\u00e1s de 35 personas en su mayor\u00eda mayores de edad.&nbsp;<\/p>\n\n\n\n<p>Se traslada al due\u00f1o del lugar y organizador de 70 a\u00f1os de edad a la dependencia a fines de notificaci\u00f3n de la infracci\u00f3n.<\/p>\n","protected":false},"excerpt":{"rendered":"<p>En la tarde de ayer el personal policial de nuestra ciudad junto a inspecci\u00f3n, constat\u00f3 en camino rural Paraje Tables,un almuerzo familiar con m\u00e1s de 35 personas en su mayor\u00eda mayores de edad.&nbsp; Se traslada al due\u00f1o del lugar y organizador de 70 a\u00f1os de edad a la dependencia a fines de notificaci\u00f3n de la [&hellip;]<\/p>\n","protected":false},"author":4,"featured_media":80744,"comment_status":"open","ping_status":"closed","sticky":false,"template":"","format":"standard","meta":{"om_disable_all_campaigns":false,"_jetpack_memberships_contains_paid_content":false,"footnotes":""},"categories":[2,103],"tags":[],"class_list":["post-93175","post","type-post","status-publish","format-standard","has-post-thumbnail","hentry","category-locales","category-policiales-locales"],"aioseo_notices":[],"gutentor_comment":0,"jetpack_featured_media_url":"https:\/\/eldiariodesanpedro.com.ar\/sitio\/wp-content\/uploads\/2020\/09\/patrulla-rural.jpg","jetpack_shortlink":"https:\/\/wp.me\/p6RhLt-oeP","jetpack_sharing_enabled":true,"_links":{"self":[{"href":"https:\/\/eldiariodesanpedro.com.ar\/sitio\/wp-json\/wp\/v2\/posts\/93175","targetHints":{"allow":["GET"]}}],"collection":[{"href":"https:\/\/eldiariodesanpedro.com.ar\/sitio\/wp-json\/wp\/v2\/posts"}],"about":[{"href":"https:\/\/eldiariodesanpedro.com.ar\/sitio\/wp-json\/wp\/v2\/types\/post"}],"author":[{"embeddable":true,"href":"https:\/\/eldiariodesanpedro.com.ar\/sitio\/wp-json\/wp\/v2\/users\/4"}],"replies":[{"embeddable":true,"href":"https:\/\/eldiariodesanpedro.com.ar\/sitio\/wp-json\/wp\/v2\/comments?post=93175"}],"version-history":[{"count":1,"href":"https:\/\/eldiariodesanpedro.com.ar\/sitio\/wp-json\/wp\/v2\/posts\/93175\/revisions"}],"predecessor-version":[{"id":93176,"href":"https:\/\/eldiariodesanpedro.com.ar\/sitio\/wp-json\/wp\/v2\/posts\/93175\/revisions\/93176"}],"wp:featuredmedia":[{"embeddable":true,"href":"https:\/\/eldiariodesanpedro.com.ar\/sitio\/wp-json\/wp\/v2\/media\/80744"}],"wp:attachment":[{"href":"https:\/\/eldiariodesanpedro.com.ar\/sitio\/wp-json\/wp\/v2\/media?parent=93175"}],"wp:term":[{"taxonomy":"category","embeddable":true,"href":"https:\/\/eldiariodesanpedro.com.ar\/sitio\/wp-json\/wp\/v2\/categories?post=93175"},{"taxonomy":"post_tag","embeddable":true,"href":"https:\/\/eldiariodesanpedro.com.ar\/sitio\/wp-json\/wp\/v2\/tags?post=93175"}],"curies":[{"name":"wp","href":"https:\/\/api.w.org\/{rel}","templated":true}]}}