{"id":93173,"date":"2021-05-26T11:04:47","date_gmt":"2021-05-26T14:04:47","guid":{"rendered":"https:\/\/eldiariodesanpedro.com.ar\/sitio\/?p=93173"},"modified":"2021-05-26T11:04:52","modified_gmt":"2021-05-26T14:04:52","slug":"estafa-a-traves-de-las-redes-sociales","status":"publish","type":"post","link":"https:\/\/eldiariodesanpedro.com.ar\/sitio\/estafa-a-traves-de-las-redes-sociales\/","title":{"rendered":"Estafa a trav\u00e9s de las redes sociales"},"content":{"rendered":"<!-- VideographyWP Plugin Message: Automatic video embedding prevented by plugin options. -->\n\n<p>En la ma\u00f1ana de ayer se recibi\u00f3 la denuncia, masculino de 38 a\u00f1os, que d\u00eda lunes fue contactado por red social Facebook, por supuesto comprador de art\u00edculos que de refrigeraci\u00f3n que el vend\u00eda, quien simulando inter\u00e9s, falso comprador solicita se haga presente en Banco Santander R\u00edo, solicitando clave de token y dem\u00e1s claves personales, prometiendo env\u00edo de pago de compra, momento despu\u00e9s constata que de su cuenta se hab\u00eda solicitado un cr\u00e9dito, y este hab\u00eda sido girado a otra cuenta.<\/p>\n","protected":false},"excerpt":{"rendered":"<p>En la ma\u00f1ana de ayer se recibi\u00f3 la denuncia, masculino de 38 a\u00f1os, que d\u00eda lunes fue contactado por red social Facebook, por supuesto comprador de art\u00edculos que de refrigeraci\u00f3n que el vend\u00eda, quien simulando inter\u00e9s, falso comprador solicita se haga presente en Banco Santander R\u00edo, solicitando clave de token y dem\u00e1s claves personales, prometiendo [&hellip;]<\/p>\n","protected":false},"author":4,"featured_media":45394,"comment_status":"open","ping_status":"closed","sticky":false,"template":"","format":"standard","meta":{"om_disable_all_campaigns":false,"_jetpack_memberships_contains_paid_content":false,"footnotes":""},"categories":[2,103],"tags":[],"class_list":["post-93173","post","type-post","status-publish","format-standard","has-post-thumbnail","hentry","category-locales","category-policiales-locales"],"aioseo_notices":[],"gutentor_comment":0,"jetpack_featured_media_url":"https:\/\/eldiariodesanpedro.com.ar\/sitio\/wp-content\/uploads\/2019\/01\/comisaria.jpg","jetpack_shortlink":"https:\/\/wp.me\/p6RhLt-oeN","jetpack_sharing_enabled":true,"_links":{"self":[{"href":"https:\/\/eldiariodesanpedro.com.ar\/sitio\/wp-json\/wp\/v2\/posts\/93173","targetHints":{"allow":["GET"]}}],"collection":[{"href":"https:\/\/eldiariodesanpedro.com.ar\/sitio\/wp-json\/wp\/v2\/posts"}],"about":[{"href":"https:\/\/eldiariodesanpedro.com.ar\/sitio\/wp-json\/wp\/v2\/types\/post"}],"author":[{"embeddable":true,"href":"https:\/\/eldiariodesanpedro.com.ar\/sitio\/wp-json\/wp\/v2\/users\/4"}],"replies":[{"embeddable":true,"href":"https:\/\/eldiariodesanpedro.com.ar\/sitio\/wp-json\/wp\/v2\/comments?post=93173"}],"version-history":[{"count":1,"href":"https:\/\/eldiariodesanpedro.com.ar\/sitio\/wp-json\/wp\/v2\/posts\/93173\/revisions"}],"predecessor-version":[{"id":93174,"href":"https:\/\/eldiariodesanpedro.com.ar\/sitio\/wp-json\/wp\/v2\/posts\/93173\/revisions\/93174"}],"wp:featuredmedia":[{"embeddable":true,"href":"https:\/\/eldiariodesanpedro.com.ar\/sitio\/wp-json\/wp\/v2\/media\/45394"}],"wp:attachment":[{"href":"https:\/\/eldiariodesanpedro.com.ar\/sitio\/wp-json\/wp\/v2\/media?parent=93173"}],"wp:term":[{"taxonomy":"category","embeddable":true,"href":"https:\/\/eldiariodesanpedro.com.ar\/sitio\/wp-json\/wp\/v2\/categories?post=93173"},{"taxonomy":"post_tag","embeddable":true,"href":"https:\/\/eldiariodesanpedro.com.ar\/sitio\/wp-json\/wp\/v2\/tags?post=93173"}],"curies":[{"name":"wp","href":"https:\/\/api.w.org\/{rel}","templated":true}]}}