{"id":93158,"date":"2021-05-26T10:30:29","date_gmt":"2021-05-26T13:30:29","guid":{"rendered":"https:\/\/eldiariodesanpedro.com.ar\/sitio\/?p=93158"},"modified":"2021-05-26T10:30:33","modified_gmt":"2021-05-26T13:30:33","slug":"culmino-la-campana-oftalmologica-de-la-uocra","status":"publish","type":"post","link":"https:\/\/eldiariodesanpedro.com.ar\/sitio\/culmino-la-campana-oftalmologica-de-la-uocra\/","title":{"rendered":"Culmin\u00f3 la campa\u00f1a oftalmol\u00f3gica de la UOCRA"},"content":{"rendered":"<!-- VideographyWP Plugin Message: Automatic video embedding prevented by plugin options. -->\n\n<p>Se realiz\u00f3 durante los \u00faltimos d\u00edas en San Pedro y las localidades una convocatoria por parte del gremio de la construcci\u00f3n que a la vez tuvo una excelente respuesta de la gente.<\/p>\n\n\n\n<p>Concluy\u00f3 en nuestra ciudad la campa\u00f1a oftalmol\u00f3gica gratuita encabezada por la UOCRA que cont\u00f3 con el acompa\u00f1amiento de Femeba y la colaboraci\u00f3n de la Cruz Roja San Pedro.<\/p>\n\n\n\n<p>En R\u00edo Tala se realizaron 137 estudios y ya fueron entregaron los anteojos a los vecinos que concurrieron; en Gobernador Castro se realizaron 151 estudios y tambi\u00e9n ya se entregaron a los personas que se presentaron, mientras que en Santa Luc\u00eda se efectuaron 120 estudios y en el trascurso de esta semana ser\u00e1n entregados.<\/p>\n\n\n\n<p>\u201cTuvimos mucha demanda de la gente que no puede acceder a tener sus lentes\u201d, coment\u00f3 Horacio Azzoni titular de la UOCRA San Pedro en el aire de FM G\u00e9nesis.<\/p>\n\n\n\n<p>\u201cEsto es una campa\u00f1a solidaria para toda la comunidad, no solo para los afiliados a la UOCRA\u201d, dijo. \u201cPlaneamos traer odont\u00f3logos pero vamos a ver c\u00f3mo se comporta la situaci\u00f3n sanitarias\u201d, confirm\u00f3.<\/p>\n\n\n\n<p>En San Pedro, cuyo consultorio m\u00f3vil estuvo ubicado en la plaza de la terminal, se efectuaron m\u00e1s de 100 estudios, es decir que total, se entregar\u00e1n unos 600 anteojos en nuestra ciudad.<\/p>\n\n\n\n<p>Fuente: <a href=\"https:\/\/www.sanpedroinforma.com.ar\/nota\/124207\/sociedad\/culmino-la-campana-oftalmologica-de-la-uocra.html\">San Pedro Informa<\/a><\/p>\n","protected":false},"excerpt":{"rendered":"<p>Se realiz\u00f3 durante los \u00faltimos d\u00edas en San Pedro y las localidades una convocatoria por parte del gremio de la construcci\u00f3n que a la vez tuvo una excelente respuesta de la gente. Concluy\u00f3 en nuestra ciudad la campa\u00f1a oftalmol\u00f3gica gratuita encabezada por la UOCRA que cont\u00f3 con el acompa\u00f1amiento de Femeba y la colaboraci\u00f3n de [&hellip;]<\/p>\n","protected":false},"author":4,"featured_media":93159,"comment_status":"open","ping_status":"closed","sticky":false,"template":"","format":"standard","meta":{"om_disable_all_campaigns":false,"_jetpack_memberships_contains_paid_content":false,"footnotes":""},"categories":[50,101,2],"tags":[],"class_list":["post-93158","post","type-post","status-publish","format-standard","has-post-thumbnail","hentry","category-destacadas","category-interes-general-locales","category-locales"],"aioseo_notices":[],"gutentor_comment":0,"jetpack_featured_media_url":"https:\/\/eldiariodesanpedro.com.ar\/sitio\/wp-content\/uploads\/2021\/05\/000091611.jpg","jetpack_shortlink":"https:\/\/wp.me\/p6RhLt-oey","jetpack_sharing_enabled":true,"_links":{"self":[{"href":"https:\/\/eldiariodesanpedro.com.ar\/sitio\/wp-json\/wp\/v2\/posts\/93158","targetHints":{"allow":["GET"]}}],"collection":[{"href":"https:\/\/eldiariodesanpedro.com.ar\/sitio\/wp-json\/wp\/v2\/posts"}],"about":[{"href":"https:\/\/eldiariodesanpedro.com.ar\/sitio\/wp-json\/wp\/v2\/types\/post"}],"author":[{"embeddable":true,"href":"https:\/\/eldiariodesanpedro.com.ar\/sitio\/wp-json\/wp\/v2\/users\/4"}],"replies":[{"embeddable":true,"href":"https:\/\/eldiariodesanpedro.com.ar\/sitio\/wp-json\/wp\/v2\/comments?post=93158"}],"version-history":[{"count":1,"href":"https:\/\/eldiariodesanpedro.com.ar\/sitio\/wp-json\/wp\/v2\/posts\/93158\/revisions"}],"predecessor-version":[{"id":93160,"href":"https:\/\/eldiariodesanpedro.com.ar\/sitio\/wp-json\/wp\/v2\/posts\/93158\/revisions\/93160"}],"wp:featuredmedia":[{"embeddable":true,"href":"https:\/\/eldiariodesanpedro.com.ar\/sitio\/wp-json\/wp\/v2\/media\/93159"}],"wp:attachment":[{"href":"https:\/\/eldiariodesanpedro.com.ar\/sitio\/wp-json\/wp\/v2\/media?parent=93158"}],"wp:term":[{"taxonomy":"category","embeddable":true,"href":"https:\/\/eldiariodesanpedro.com.ar\/sitio\/wp-json\/wp\/v2\/categories?post=93158"},{"taxonomy":"post_tag","embeddable":true,"href":"https:\/\/eldiariodesanpedro.com.ar\/sitio\/wp-json\/wp\/v2\/tags?post=93158"}],"curies":[{"name":"wp","href":"https:\/\/api.w.org\/{rel}","templated":true}]}}