{"id":93155,"date":"2021-05-26T10:28:37","date_gmt":"2021-05-26T13:28:37","guid":{"rendered":"https:\/\/eldiariodesanpedro.com.ar\/sitio\/?p=93155"},"modified":"2021-05-26T10:28:42","modified_gmt":"2021-05-26T13:28:42","slug":"un-25-de-mayo-donde-el-olvido-cultural-quedo-en-evidencia","status":"publish","type":"post","link":"https:\/\/eldiariodesanpedro.com.ar\/sitio\/un-25-de-mayo-donde-el-olvido-cultural-quedo-en-evidencia\/","title":{"rendered":"Un 25 de Mayo donde el olvido cultural qued\u00f3 en evidencia"},"content":{"rendered":"<!-- VideographyWP Plugin Message: Automatic video embedding prevented by plugin options. -->\n\n<p>En una fecha tan importante y sentida para un pa\u00eds acorralado por la pandemia, en San Pedro, quienes se deben encargar de una sola cosa parecen haberlo olvidado y los lugares m\u00e1s emblem\u00e1ticos de la ciudad lucieron sin sus banderas nacionales.<\/p>\n\n\n\n<p>Durante la semana desde prensa de la Municipalidad de San Pedro se inform\u00f3\u00a0que quedaba suspendido el tradicional acto del 25 de Mayo en la localidad de Rio Tala debido a las restricciones que San Pedro debe cumplir respecto a la situaci\u00f3n sanitaria.<\/p>\n\n\n\n<p>Pero tambi\u00e9n se pidi\u00f3 concretamente lo siguiente: \u00abEn la fecha, se invita a toda la comunidad a embanderar sus frentes y honrar una jornada hist\u00f3rica tan importante,\u00a0redoblando el compromiso necesario para cumplir con las medidas de prevenci\u00f3n y disminuir la circulaci\u00f3n del Covid 19\u00bb.<\/p>\n\n\n\n<p>Esta situaci\u00f3n amerita que quien tiene la responsabilidad de organizar culturalmente todo lo referente a esta fecha patria es la Direcci\u00f3n de Cultura, quien no se enter\u00f3 o no ley\u00f3 el comunicado o aun peor, dej\u00f3\u00a0al palacio municipal sin una bandera en su frente y torre, como as\u00ed tambi\u00e9n en m\u00e1stiles emblem\u00e1ticos como el del Nuevo Boulevard que luci\u00f3\u00a0frio y est\u00e1tico sin la celeste y blanca flameando, y no es la primera vez que ocurre. Los mismo sucedi\u00f3 con la plazoleta Ej\u00e9rcito de Los Andes y la plazoleta \u00abJos\u00e9 Novau\u00bb, que lucieron sin sus banderas.<\/p>\n\n\n\n<p>Funcionarios que no funcionan y flaco favor pol\u00edtico le hacen al Intendente Municipal manteniendo un puesto en el cual la mediocridad cultural es la que impera en su direcci\u00f3n.<\/p>\n\n\n\n<p>Fuente: <a href=\"https:\/\/www.sanpedroinforma.com.ar\/nota\/124208\/sociedad\/un-25-de-mayo-donde-el-olvido-cultural-quedo-en-evidencia.html\">San Pedro Informa<\/a><\/p>\n","protected":false},"excerpt":{"rendered":"<p>En una fecha tan importante y sentida para un pa\u00eds acorralado por la pandemia, en San Pedro, quienes se deben encargar de una sola cosa parecen haberlo olvidado y los lugares m\u00e1s emblem\u00e1ticos de la ciudad lucieron sin sus banderas nacionales. Durante la semana desde prensa de la Municipalidad de San Pedro se inform\u00f3\u00a0que quedaba [&hellip;]<\/p>\n","protected":false},"author":4,"featured_media":93156,"comment_status":"open","ping_status":"closed","sticky":false,"template":"","format":"standard","meta":{"om_disable_all_campaigns":false,"_jetpack_memberships_contains_paid_content":false,"footnotes":""},"categories":[50,101,2],"tags":[],"class_list":["post-93155","post","type-post","status-publish","format-standard","has-post-thumbnail","hentry","category-destacadas","category-interes-general-locales","category-locales"],"aioseo_notices":[],"gutentor_comment":0,"jetpack_featured_media_url":"https:\/\/eldiariodesanpedro.com.ar\/sitio\/wp-content\/uploads\/2021\/05\/000091619.jpg","jetpack_shortlink":"https:\/\/wp.me\/p6RhLt-oev","jetpack_sharing_enabled":true,"_links":{"self":[{"href":"https:\/\/eldiariodesanpedro.com.ar\/sitio\/wp-json\/wp\/v2\/posts\/93155","targetHints":{"allow":["GET"]}}],"collection":[{"href":"https:\/\/eldiariodesanpedro.com.ar\/sitio\/wp-json\/wp\/v2\/posts"}],"about":[{"href":"https:\/\/eldiariodesanpedro.com.ar\/sitio\/wp-json\/wp\/v2\/types\/post"}],"author":[{"embeddable":true,"href":"https:\/\/eldiariodesanpedro.com.ar\/sitio\/wp-json\/wp\/v2\/users\/4"}],"replies":[{"embeddable":true,"href":"https:\/\/eldiariodesanpedro.com.ar\/sitio\/wp-json\/wp\/v2\/comments?post=93155"}],"version-history":[{"count":1,"href":"https:\/\/eldiariodesanpedro.com.ar\/sitio\/wp-json\/wp\/v2\/posts\/93155\/revisions"}],"predecessor-version":[{"id":93157,"href":"https:\/\/eldiariodesanpedro.com.ar\/sitio\/wp-json\/wp\/v2\/posts\/93155\/revisions\/93157"}],"wp:featuredmedia":[{"embeddable":true,"href":"https:\/\/eldiariodesanpedro.com.ar\/sitio\/wp-json\/wp\/v2\/media\/93156"}],"wp:attachment":[{"href":"https:\/\/eldiariodesanpedro.com.ar\/sitio\/wp-json\/wp\/v2\/media?parent=93155"}],"wp:term":[{"taxonomy":"category","embeddable":true,"href":"https:\/\/eldiariodesanpedro.com.ar\/sitio\/wp-json\/wp\/v2\/categories?post=93155"},{"taxonomy":"post_tag","embeddable":true,"href":"https:\/\/eldiariodesanpedro.com.ar\/sitio\/wp-json\/wp\/v2\/tags?post=93155"}],"curies":[{"name":"wp","href":"https:\/\/api.w.org\/{rel}","templated":true}]}}