{"id":93152,"date":"2021-05-26T10:25:52","date_gmt":"2021-05-26T13:25:52","guid":{"rendered":"https:\/\/eldiariodesanpedro.com.ar\/sitio\/?p=93152"},"modified":"2021-05-26T10:25:58","modified_gmt":"2021-05-26T13:25:58","slug":"en-un-poco-mas-de-24-hs-se-junto-la-plata-para-comprar-una-moto-para-ruben-solis","status":"publish","type":"post","link":"https:\/\/eldiariodesanpedro.com.ar\/sitio\/en-un-poco-mas-de-24-hs-se-junto-la-plata-para-comprar-una-moto-para-ruben-solis\/","title":{"rendered":"En un poco mas de 24 hs se junto la plata para comprar una moto para Rub\u00e9n Sol\u00eds"},"content":{"rendered":"<!-- VideographyWP Plugin Message: Automatic video embedding prevented by plugin options. -->\n\n<p>El pasado s\u00e1bado le hab\u00eda robado la moto a este conocido mensajero de nuestra ciudad cuando se encontraba realizando la entrega de un pedido y desde una amiga de la familia de Rub\u00e9n se comenz\u00f3 una campa\u00f1a a trav\u00e9s de las redes sociales que se hizo viral logrando en un poco mas de 24 hs juntar el dinero para comprar una nueva motocicleta.<\/p>\n\n\n\n<p>Estos es lo publico <a href=\"https:\/\/www.facebook.com\/florencia.casado.75?__cft__[0]=AZUsFtAQapN2OhgUDBxStWs9xfY7_Q_upE5arrcBZu45Nvhd_hObOifdbpJeDrz92nDY1FD4P62Tk4X_QH9CN7GiJjDITJyZQo_VZkHFOAQao1zFElIZ6Ohics1T-2A5FKwpo-X3NQKfL55iCRRfQ3xy4tU2s1iDOivzUSIZNLixCw&amp;__tn__=-UC%2CP-y-R\"><strong>Flor Casado<\/strong><\/a> en su cuenta de Facebook quien organizo esta ayuda para el mensajero,<\/p>\n\n\n\n<p><em>\u00abHola gente, bueno este mensaje es para dar aviso a que llegamos a una suma considerable y que RUBEN SOLIS va a poder finalmente poder ma\u00f1ana mismo ir a comprar su medio de transporte que todos ustedes hicieron posible que as\u00ed sea, quiero agradecerle tanto a los que hicieron su colaboraci\u00f3n como tambi\u00e9n a los que compartieron y ayudaron a difundir, a los medios que compartieron, a todos lo que hicieron posible esto, la gente muy solidaria, gente que no hemos podido llegar a recoger su colaboraci\u00f3n por falta de tiempo. Hemos llegado a lo esperado y creemos que no hace falta mucho m\u00e1s&#8230; a veces lo que vemos como \u00abpoquito\u00bb en masa se hace realmente enorme. Ma\u00f1ana voy a estar subiendo fotos de Rub\u00e9n con la moto, si me ayudan a compartir seria de gran ayuda para aquellos que a\u00fan quieren y tienen esa hermosa intenci\u00f3n de querer colaborar sepan que ya hemos recaudado lo necesario para poder comprar su medio, su herramienta de trabajo, nuevamente muchas muchas muchas gracias<\/em>\u00ab.<\/p>\n","protected":false},"excerpt":{"rendered":"<p>El pasado s\u00e1bado le hab\u00eda robado la moto a este conocido mensajero de nuestra ciudad cuando se encontraba realizando la entrega de un pedido y desde una amiga de la familia de Rub\u00e9n se comenz\u00f3 una campa\u00f1a a trav\u00e9s de las redes sociales que se hizo viral logrando en un poco mas de 24 hs [&hellip;]<\/p>\n","protected":false},"author":4,"featured_media":93153,"comment_status":"open","ping_status":"closed","sticky":false,"template":"","format":"standard","meta":{"om_disable_all_campaigns":false,"_jetpack_memberships_contains_paid_content":false,"footnotes":""},"categories":[50,101,2],"tags":[],"class_list":["post-93152","post","type-post","status-publish","format-standard","has-post-thumbnail","hentry","category-destacadas","category-interes-general-locales","category-locales"],"aioseo_notices":[],"gutentor_comment":0,"jetpack_featured_media_url":"https:\/\/eldiariodesanpedro.com.ar\/sitio\/wp-content\/uploads\/2021\/05\/189852681_507053910335642_2444472280742951535_n.jpg","jetpack_shortlink":"https:\/\/wp.me\/p6RhLt-oes","jetpack_sharing_enabled":true,"_links":{"self":[{"href":"https:\/\/eldiariodesanpedro.com.ar\/sitio\/wp-json\/wp\/v2\/posts\/93152","targetHints":{"allow":["GET"]}}],"collection":[{"href":"https:\/\/eldiariodesanpedro.com.ar\/sitio\/wp-json\/wp\/v2\/posts"}],"about":[{"href":"https:\/\/eldiariodesanpedro.com.ar\/sitio\/wp-json\/wp\/v2\/types\/post"}],"author":[{"embeddable":true,"href":"https:\/\/eldiariodesanpedro.com.ar\/sitio\/wp-json\/wp\/v2\/users\/4"}],"replies":[{"embeddable":true,"href":"https:\/\/eldiariodesanpedro.com.ar\/sitio\/wp-json\/wp\/v2\/comments?post=93152"}],"version-history":[{"count":1,"href":"https:\/\/eldiariodesanpedro.com.ar\/sitio\/wp-json\/wp\/v2\/posts\/93152\/revisions"}],"predecessor-version":[{"id":93154,"href":"https:\/\/eldiariodesanpedro.com.ar\/sitio\/wp-json\/wp\/v2\/posts\/93152\/revisions\/93154"}],"wp:featuredmedia":[{"embeddable":true,"href":"https:\/\/eldiariodesanpedro.com.ar\/sitio\/wp-json\/wp\/v2\/media\/93153"}],"wp:attachment":[{"href":"https:\/\/eldiariodesanpedro.com.ar\/sitio\/wp-json\/wp\/v2\/media?parent=93152"}],"wp:term":[{"taxonomy":"category","embeddable":true,"href":"https:\/\/eldiariodesanpedro.com.ar\/sitio\/wp-json\/wp\/v2\/categories?post=93152"},{"taxonomy":"post_tag","embeddable":true,"href":"https:\/\/eldiariodesanpedro.com.ar\/sitio\/wp-json\/wp\/v2\/tags?post=93152"}],"curies":[{"name":"wp","href":"https:\/\/api.w.org\/{rel}","templated":true}]}}