{"id":93150,"date":"2021-05-26T10:14:04","date_gmt":"2021-05-26T13:14:04","guid":{"rendered":"https:\/\/eldiariodesanpedro.com.ar\/sitio\/?p=93150"},"modified":"2021-05-26T10:14:08","modified_gmt":"2021-05-26T13:14:08","slug":"segunda-victima-del-dia-edith-matilde-altolaguirre-de-91-anos","status":"publish","type":"post","link":"https:\/\/eldiariodesanpedro.com.ar\/sitio\/segunda-victima-del-dia-edith-matilde-altolaguirre-de-91-anos\/","title":{"rendered":"Segunda victima del d\u00eda Edith Matilde Altolaguirre de 91 a\u00f1os"},"content":{"rendered":"<!-- VideographyWP Plugin Message: Automatic video embedding prevented by plugin options. -->\n\n<p>La Secretar\u00eda de Salud informa el fallecimiento de la Sra. Edith Matilde Altolaguirre de 91 a\u00f1os, internada con un caso positivo de Covid-19 en Cl\u00ednica Privada.<\/p>\n\n\n\n<p>Compartimos las condolencias con sus familiares y amigos<\/p>\n","protected":false},"excerpt":{"rendered":"<p>La Secretar\u00eda de Salud informa el fallecimiento de la Sra. Edith Matilde Altolaguirre de 91 a\u00f1os, internada con un caso positivo de Covid-19 en Cl\u00ednica Privada. Compartimos las condolencias con sus familiares y amigos<\/p>\n","protected":false},"author":4,"featured_media":82100,"comment_status":"open","ping_status":"closed","sticky":false,"template":"","format":"standard","meta":{"om_disable_all_campaigns":false,"_jetpack_memberships_contains_paid_content":false,"footnotes":""},"categories":[101,2],"tags":[],"class_list":["post-93150","post","type-post","status-publish","format-standard","has-post-thumbnail","hentry","category-interes-general-locales","category-locales"],"aioseo_notices":[],"gutentor_comment":0,"jetpack_featured_media_url":"https:\/\/eldiariodesanpedro.com.ar\/sitio\/wp-content\/uploads\/2020\/10\/sanitario-hace-cama-para-personas-cuarentena-por-coronavirus-marzo-del-2020-1584565459641.jpg","jetpack_shortlink":"https:\/\/wp.me\/p6RhLt-oeq","jetpack_sharing_enabled":true,"_links":{"self":[{"href":"https:\/\/eldiariodesanpedro.com.ar\/sitio\/wp-json\/wp\/v2\/posts\/93150","targetHints":{"allow":["GET"]}}],"collection":[{"href":"https:\/\/eldiariodesanpedro.com.ar\/sitio\/wp-json\/wp\/v2\/posts"}],"about":[{"href":"https:\/\/eldiariodesanpedro.com.ar\/sitio\/wp-json\/wp\/v2\/types\/post"}],"author":[{"embeddable":true,"href":"https:\/\/eldiariodesanpedro.com.ar\/sitio\/wp-json\/wp\/v2\/users\/4"}],"replies":[{"embeddable":true,"href":"https:\/\/eldiariodesanpedro.com.ar\/sitio\/wp-json\/wp\/v2\/comments?post=93150"}],"version-history":[{"count":1,"href":"https:\/\/eldiariodesanpedro.com.ar\/sitio\/wp-json\/wp\/v2\/posts\/93150\/revisions"}],"predecessor-version":[{"id":93151,"href":"https:\/\/eldiariodesanpedro.com.ar\/sitio\/wp-json\/wp\/v2\/posts\/93150\/revisions\/93151"}],"wp:featuredmedia":[{"embeddable":true,"href":"https:\/\/eldiariodesanpedro.com.ar\/sitio\/wp-json\/wp\/v2\/media\/82100"}],"wp:attachment":[{"href":"https:\/\/eldiariodesanpedro.com.ar\/sitio\/wp-json\/wp\/v2\/media?parent=93150"}],"wp:term":[{"taxonomy":"category","embeddable":true,"href":"https:\/\/eldiariodesanpedro.com.ar\/sitio\/wp-json\/wp\/v2\/categories?post=93150"},{"taxonomy":"post_tag","embeddable":true,"href":"https:\/\/eldiariodesanpedro.com.ar\/sitio\/wp-json\/wp\/v2\/tags?post=93150"}],"curies":[{"name":"wp","href":"https:\/\/api.w.org\/{rel}","templated":true}]}}