{"id":93148,"date":"2021-05-26T10:08:13","date_gmt":"2021-05-26T13:08:13","guid":{"rendered":"https:\/\/eldiariodesanpedro.com.ar\/sitio\/?p=93148"},"modified":"2021-05-26T10:08:17","modified_gmt":"2021-05-26T13:08:17","slug":"tareas-realizadas-por-el-area-de-servicios-publicos-para-hoy-miercoles","status":"publish","type":"post","link":"https:\/\/eldiariodesanpedro.com.ar\/sitio\/tareas-realizadas-por-el-area-de-servicios-publicos-para-hoy-miercoles\/","title":{"rendered":"Tareas realizadas por el \u00e1rea de Servicios p\u00fablicos para hoy mi\u00e9rcoles"},"content":{"rendered":"<!-- VideographyWP Plugin Message: Automatic video embedding prevented by plugin options. -->\n\n<p>La Direcci\u00f3n de Servicios P\u00fablicos continua sus trabajaos como habitualmente ocurrir\u00eda a pesar de que la ciudad permanece en confinamiento.<\/p>\n\n\n\n<ul class=\"wp-block-list\"><li>Una moto niveladora trabaja en la banquina de Lucio Mansilla, desde Mateo Sbert hasta la Escuela 13.<\/li><li>Cami\u00f3n y retroexcavadora cambia tubos en Obligado y 24 de febrero, luego colocar\u00e1 tubos en Chivilcoy y Maino.<\/li><li>Una retroexcavadora y un cami\u00f3n limpian cunetas en R\u00f3mulo Na\u00f3n, desde Caseros a Urraco.<\/li><li>Un cami\u00f3n con cuadrilla limpia plazas y avenidas.<\/li><li>Un tractor y cuadrilla bachea calle Aul\u00ed desde Mitre a Mateo Sbert \/ Ansaloni desde Saavedra a Fray Cayetano Rodr\u00edguez \/ Rojas desde R\u00f3mulo Na\u00f3n hasta Depietri.<\/li><li>Un tractor con cuadrilla bachea cuadr\u00edcula de Mitre, 11 de septiembre, Almirante Brown y Bv. Moreno.<\/li><li>Trabajan adem\u00e1s la f\u00e1brica de tubos y se cumplen las tareas de riego<\/li><\/ul>\n\n\n\n<p><\/p>\n","protected":false},"excerpt":{"rendered":"<p>La Direcci\u00f3n de Servicios P\u00fablicos continua sus trabajaos como habitualmente ocurrir\u00eda a pesar de que la ciudad permanece en confinamiento. Una moto niveladora trabaja en la banquina de Lucio Mansilla, desde Mateo Sbert hasta la Escuela 13. Cami\u00f3n y retroexcavadora cambia tubos en Obligado y 24 de febrero, luego colocar\u00e1 tubos en Chivilcoy y Maino. [&hellip;]<\/p>\n","protected":false},"author":4,"featured_media":91976,"comment_status":"open","ping_status":"closed","sticky":false,"template":"","format":"standard","meta":{"om_disable_all_campaigns":false,"_jetpack_memberships_contains_paid_content":false,"footnotes":""},"categories":[101,2],"tags":[],"class_list":["post-93148","post","type-post","status-publish","format-standard","has-post-thumbnail","hentry","category-interes-general-locales","category-locales"],"aioseo_notices":[],"gutentor_comment":0,"jetpack_featured_media_url":"https:\/\/eldiariodesanpedro.com.ar\/sitio\/wp-content\/uploads\/2021\/05\/WhatsApp-Image-2021-05-04-at-15.04.37.jpeg","jetpack_shortlink":"https:\/\/wp.me\/p6RhLt-oeo","jetpack_sharing_enabled":true,"_links":{"self":[{"href":"https:\/\/eldiariodesanpedro.com.ar\/sitio\/wp-json\/wp\/v2\/posts\/93148","targetHints":{"allow":["GET"]}}],"collection":[{"href":"https:\/\/eldiariodesanpedro.com.ar\/sitio\/wp-json\/wp\/v2\/posts"}],"about":[{"href":"https:\/\/eldiariodesanpedro.com.ar\/sitio\/wp-json\/wp\/v2\/types\/post"}],"author":[{"embeddable":true,"href":"https:\/\/eldiariodesanpedro.com.ar\/sitio\/wp-json\/wp\/v2\/users\/4"}],"replies":[{"embeddable":true,"href":"https:\/\/eldiariodesanpedro.com.ar\/sitio\/wp-json\/wp\/v2\/comments?post=93148"}],"version-history":[{"count":1,"href":"https:\/\/eldiariodesanpedro.com.ar\/sitio\/wp-json\/wp\/v2\/posts\/93148\/revisions"}],"predecessor-version":[{"id":93149,"href":"https:\/\/eldiariodesanpedro.com.ar\/sitio\/wp-json\/wp\/v2\/posts\/93148\/revisions\/93149"}],"wp:featuredmedia":[{"embeddable":true,"href":"https:\/\/eldiariodesanpedro.com.ar\/sitio\/wp-json\/wp\/v2\/media\/91976"}],"wp:attachment":[{"href":"https:\/\/eldiariodesanpedro.com.ar\/sitio\/wp-json\/wp\/v2\/media?parent=93148"}],"wp:term":[{"taxonomy":"category","embeddable":true,"href":"https:\/\/eldiariodesanpedro.com.ar\/sitio\/wp-json\/wp\/v2\/categories?post=93148"},{"taxonomy":"post_tag","embeddable":true,"href":"https:\/\/eldiariodesanpedro.com.ar\/sitio\/wp-json\/wp\/v2\/tags?post=93148"}],"curies":[{"name":"wp","href":"https:\/\/api.w.org\/{rel}","templated":true}]}}