{"id":93130,"date":"2021-05-25T19:16:15","date_gmt":"2021-05-25T22:16:15","guid":{"rendered":"https:\/\/eldiariodesanpedro.com.ar\/sitio\/?p=93130"},"modified":"2021-05-25T19:16:22","modified_gmt":"2021-05-25T22:16:22","slug":"baradero-una-madre-y-su-hijo-con-coronavirus-se-fugaron-del-hospital","status":"publish","type":"post","link":"https:\/\/eldiariodesanpedro.com.ar\/sitio\/baradero-una-madre-y-su-hijo-con-coronavirus-se-fugaron-del-hospital\/","title":{"rendered":"BARADERO | Una madre y su hijo con coronavirus se fugaron del Hospital"},"content":{"rendered":"<!-- VideographyWP Plugin Message: Automatic video embedding prevented by plugin options. -->\n\n<p>El hecho sucedi\u00f3 en horas de la noche de Lunes cuando desde el Hospital Municipal una madre que se encontraba al cuidado de su hijo de 1 a\u00f1o internado tras ser positivo de coronavirus se fuga y se dirige hacia la Comisar\u00eda de la Mujer, desconoci\u00e9ndose hasta el momento el motivo.<\/p>\n\n\n\n<p>El Subsecretario de Salud Carlos Baliela, inform\u00f3 que la mujer hasta el momento no es positiva de la enfermedad sino que se encuentra a la espera de su resultado.<\/p>\n\n\n\n<p>Fuente: Tu Linea Directa<\/p>\n\n\n\n<p><a href=\"https:\/\/tulineadirecta.com\/author\/tulineadirecta1\/\"><\/a><\/p>\n","protected":false},"excerpt":{"rendered":"<p>El hecho sucedi\u00f3 en horas de la noche de Lunes cuando desde el Hospital Municipal una madre que se encontraba al cuidado de su hijo de 1 a\u00f1o internado tras ser positivo de coronavirus se fuga y se dirige hacia la Comisar\u00eda de la Mujer, desconoci\u00e9ndose hasta el momento el motivo. El Subsecretario de Salud [&hellip;]<\/p>\n","protected":false},"author":4,"featured_media":93131,"comment_status":"open","ping_status":"closed","sticky":false,"template":"","format":"standard","meta":{"om_disable_all_campaigns":false,"_jetpack_memberships_contains_paid_content":false,"footnotes":""},"categories":[621],"tags":[],"class_list":["post-93130","post","type-post","status-publish","format-standard","has-post-thumbnail","hentry","category-regionales"],"aioseo_notices":[],"gutentor_comment":0,"jetpack_featured_media_url":"https:\/\/eldiariodesanpedro.com.ar\/sitio\/wp-content\/uploads\/2021\/05\/hospital_1_0.jpg","jetpack_shortlink":"https:\/\/wp.me\/p6RhLt-oe6","jetpack_sharing_enabled":true,"_links":{"self":[{"href":"https:\/\/eldiariodesanpedro.com.ar\/sitio\/wp-json\/wp\/v2\/posts\/93130","targetHints":{"allow":["GET"]}}],"collection":[{"href":"https:\/\/eldiariodesanpedro.com.ar\/sitio\/wp-json\/wp\/v2\/posts"}],"about":[{"href":"https:\/\/eldiariodesanpedro.com.ar\/sitio\/wp-json\/wp\/v2\/types\/post"}],"author":[{"embeddable":true,"href":"https:\/\/eldiariodesanpedro.com.ar\/sitio\/wp-json\/wp\/v2\/users\/4"}],"replies":[{"embeddable":true,"href":"https:\/\/eldiariodesanpedro.com.ar\/sitio\/wp-json\/wp\/v2\/comments?post=93130"}],"version-history":[{"count":1,"href":"https:\/\/eldiariodesanpedro.com.ar\/sitio\/wp-json\/wp\/v2\/posts\/93130\/revisions"}],"predecessor-version":[{"id":93132,"href":"https:\/\/eldiariodesanpedro.com.ar\/sitio\/wp-json\/wp\/v2\/posts\/93130\/revisions\/93132"}],"wp:featuredmedia":[{"embeddable":true,"href":"https:\/\/eldiariodesanpedro.com.ar\/sitio\/wp-json\/wp\/v2\/media\/93131"}],"wp:attachment":[{"href":"https:\/\/eldiariodesanpedro.com.ar\/sitio\/wp-json\/wp\/v2\/media?parent=93130"}],"wp:term":[{"taxonomy":"category","embeddable":true,"href":"https:\/\/eldiariodesanpedro.com.ar\/sitio\/wp-json\/wp\/v2\/categories?post=93130"},{"taxonomy":"post_tag","embeddable":true,"href":"https:\/\/eldiariodesanpedro.com.ar\/sitio\/wp-json\/wp\/v2\/tags?post=93130"}],"curies":[{"name":"wp","href":"https:\/\/api.w.org\/{rel}","templated":true}]}}