{"id":93127,"date":"2021-05-25T19:09:27","date_gmt":"2021-05-25T22:09:27","guid":{"rendered":"https:\/\/eldiariodesanpedro.com.ar\/sitio\/?p=93127"},"modified":"2021-05-25T19:09:32","modified_gmt":"2021-05-25T22:09:32","slug":"gas-levantan-restricciones-a-industrias-y-estaciones-gnc","status":"publish","type":"post","link":"https:\/\/eldiariodesanpedro.com.ar\/sitio\/gas-levantan-restricciones-a-industrias-y-estaciones-gnc\/","title":{"rendered":"Gas: levantan restricciones a industrias y estaciones GNC"},"content":{"rendered":"<!-- VideographyWP Plugin Message: Automatic video embedding prevented by plugin options. -->\n\n<p>El buque regasificador pudo operar en Escobar y el Gobierno anunci\u00f3 que industrias y estaciones de gas natural comprimido (GNC) pueden operar libremente.<\/p>\n\n\n\n<p>Tras 24 horas de incertidumbre, se levantaron<strong>\u00a0las restricciones impuestas a\u00a0industrias\u00a0y estaciones de\u00a0gas\u00a0natural comprimido (GNC) a partir de la falta de gas.<\/strong><\/p>\n\n\n\n<p>Seg\u00fan pudo saber INFOCIELO, el barco regasificador que no hab\u00eda podido inyectar 17 millones de metros c\u00fabicos en el puerto de Escobar a ra\u00edz de un conflicto sindical, pudo operar normalmente.<\/p>\n\n\n\n<p>Esto significa que las estaciones de GNC e industrias pueden volver a consumir a partir de este momento, a pesar de que inicialmente se hab\u00eda estipulado que el corte deb\u00eda durar hasta el pr\u00f3ximo fin de semana.<\/p>\n\n\n\n<p>Las causas del bajo volumen de gas son varias. En primer lugar, la merma en la producci\u00f3n por los conflictos sindicales en los pozos de perforaci\u00f3n de Neuqu\u00e9n. En segundo lugar, el paro de trabajadores mar\u00edtimos y portuarios, que reclaman ser considerados \u201cesenciales\u201d y recibir vacunas contra el coronavirus.<\/p>\n\n\n\n<p>Detr\u00e1s de ese reclamo est\u00e1 la<strong>\u00a0Federaci\u00f3n Mar\u00edtima, Portuaria y de la Industria Naval Rep\u00fablica Argentina<\/strong>, que conduce\u00a0<strong>Juan Carlos Schmidt,<\/strong>\u00a0quien es adem\u00e1s Secretario General de<strong>\u00a0Confederaci\u00f3n Argentina de Trabajadores de Transporte.<\/strong><\/p>\n\n\n\n<p>Fuente: <a href=\"https:\/\/infocielo.com\/gas\/gas-levantan-restricciones-industrias-y-estaciones-gnc-n712407\">Infocielo<\/a><\/p>\n","protected":false},"excerpt":{"rendered":"<p>El buque regasificador pudo operar en Escobar y el Gobierno anunci\u00f3 que industrias y estaciones de gas natural comprimido (GNC) pueden operar libremente. Tras 24 horas de incertidumbre, se levantaron\u00a0las restricciones impuestas a\u00a0industrias\u00a0y estaciones de\u00a0gas\u00a0natural comprimido (GNC) a partir de la falta de gas. Seg\u00fan pudo saber INFOCIELO, el barco regasificador que no hab\u00eda podido [&hellip;]<\/p>\n","protected":false},"author":4,"featured_media":93128,"comment_status":"open","ping_status":"closed","sticky":false,"template":"","format":"standard","meta":{"om_disable_all_campaigns":false,"_jetpack_memberships_contains_paid_content":false,"footnotes":""},"categories":[621],"tags":[],"class_list":["post-93127","post","type-post","status-publish","format-standard","has-post-thumbnail","hentry","category-regionales"],"aioseo_notices":[],"gutentor_comment":0,"jetpack_featured_media_url":"https:\/\/eldiariodesanpedro.com.ar\/sitio\/wp-content\/uploads\/2021\/05\/gnc-4jpg.jpg","jetpack_shortlink":"https:\/\/wp.me\/p6RhLt-oe3","jetpack_sharing_enabled":true,"_links":{"self":[{"href":"https:\/\/eldiariodesanpedro.com.ar\/sitio\/wp-json\/wp\/v2\/posts\/93127","targetHints":{"allow":["GET"]}}],"collection":[{"href":"https:\/\/eldiariodesanpedro.com.ar\/sitio\/wp-json\/wp\/v2\/posts"}],"about":[{"href":"https:\/\/eldiariodesanpedro.com.ar\/sitio\/wp-json\/wp\/v2\/types\/post"}],"author":[{"embeddable":true,"href":"https:\/\/eldiariodesanpedro.com.ar\/sitio\/wp-json\/wp\/v2\/users\/4"}],"replies":[{"embeddable":true,"href":"https:\/\/eldiariodesanpedro.com.ar\/sitio\/wp-json\/wp\/v2\/comments?post=93127"}],"version-history":[{"count":1,"href":"https:\/\/eldiariodesanpedro.com.ar\/sitio\/wp-json\/wp\/v2\/posts\/93127\/revisions"}],"predecessor-version":[{"id":93129,"href":"https:\/\/eldiariodesanpedro.com.ar\/sitio\/wp-json\/wp\/v2\/posts\/93127\/revisions\/93129"}],"wp:featuredmedia":[{"embeddable":true,"href":"https:\/\/eldiariodesanpedro.com.ar\/sitio\/wp-json\/wp\/v2\/media\/93128"}],"wp:attachment":[{"href":"https:\/\/eldiariodesanpedro.com.ar\/sitio\/wp-json\/wp\/v2\/media?parent=93127"}],"wp:term":[{"taxonomy":"category","embeddable":true,"href":"https:\/\/eldiariodesanpedro.com.ar\/sitio\/wp-json\/wp\/v2\/categories?post=93127"},{"taxonomy":"post_tag","embeddable":true,"href":"https:\/\/eldiariodesanpedro.com.ar\/sitio\/wp-json\/wp\/v2\/tags?post=93127"}],"curies":[{"name":"wp","href":"https:\/\/api.w.org\/{rel}","templated":true}]}}