{"id":93122,"date":"2021-05-25T19:07:27","date_gmt":"2021-05-25T22:07:27","guid":{"rendered":"https:\/\/eldiariodesanpedro.com.ar\/sitio\/?p=93122"},"modified":"2021-05-25T19:07:32","modified_gmt":"2021-05-25T22:07:32","slug":"asi-avanza-el-coronavirus-en-la-provincia","status":"publish","type":"post","link":"https:\/\/eldiariodesanpedro.com.ar\/sitio\/asi-avanza-el-coronavirus-en-la-provincia\/","title":{"rendered":"As\u00ed avanza el coronavirus en la Provincia"},"content":{"rendered":"<!-- VideographyWP Plugin Message: Automatic video embedding prevented by plugin options. -->\n\n<p>Los contagios diarios de coronavirus alcanzaron durante la semana pasada a los 12.008, el n\u00famero m\u00e1s alto desde el inicio de la pandemia en la Provincia.<\/p>\n\n\n\n<p>Los casos diarios\u00a0<strong>coronavirus<\/strong>\u00a0en la\u00a0<strong>provincia<\/strong>\u00a0de Buenos Aires promediaron la semana pasada los 12.008, el n\u00famero m\u00e1s alto desde el inicio de la pandemia, con un incremento que super\u00f3 el 50% en el interior.<\/p>\n\n\n\n<p>\u201cCerramos la semana con un promedio diario de 12.000 casos, un 30% m\u00e1s que la semana pasada. Tenemos que reducir s\u00ed o s\u00ed la cantidad de\u00a0contagios, para evitar m\u00e1s fallecimientos y el colapso del sistema sanitario. Cumplamos las medidas de cuidado a rajatabla\u201d, pidi\u00f3 el jefe de Gabinete bonaerense, Carlos Bianco, a trav\u00e9s de su cuenta de Twitter.<\/p>\n\n\n\n<figure class=\"wp-block-image size-large\"><img decoding=\"async\" width=\"1024\" height=\"533\" data-attachment-id=\"93123\" data-permalink=\"https:\/\/eldiariodesanpedro.com.ar\/sitio\/asi-avanza-el-coronavirus-en-la-provincia\/e2hsaxaxiaio2ms\/\" data-orig-file=\"https:\/\/eldiariodesanpedro.com.ar\/sitio\/wp-content\/uploads\/2021\/05\/E2HSAXaXIAIO2MS.jpg\" data-orig-size=\"1026,534\" data-comments-opened=\"1\" data-image-meta=\"{&quot;aperture&quot;:&quot;0&quot;,&quot;credit&quot;:&quot;&quot;,&quot;camera&quot;:&quot;&quot;,&quot;caption&quot;:&quot;&quot;,&quot;created_timestamp&quot;:&quot;0&quot;,&quot;copyright&quot;:&quot;&quot;,&quot;focal_length&quot;:&quot;0&quot;,&quot;iso&quot;:&quot;0&quot;,&quot;shutter_speed&quot;:&quot;0&quot;,&quot;title&quot;:&quot;&quot;,&quot;orientation&quot;:&quot;0&quot;}\" data-image-title=\"E2HSAXaXIAIO2MS\" data-image-description=\"\" data-image-caption=\"\" data-large-file=\"https:\/\/eldiariodesanpedro.com.ar\/sitio\/wp-content\/uploads\/2021\/05\/E2HSAXaXIAIO2MS-1024x533.jpg\" data-src=\"https:\/\/eldiariodesanpedro.com.ar\/sitio\/wp-content\/uploads\/2021\/05\/E2HSAXaXIAIO2MS-1024x533.jpg\" alt=\"\" class=\"wp-image-93123 lazyload\" data-srcset=\"https:\/\/eldiariodesanpedro.com.ar\/sitio\/wp-content\/uploads\/2021\/05\/E2HSAXaXIAIO2MS-1024x533.jpg 1024w, https:\/\/eldiariodesanpedro.com.ar\/sitio\/wp-content\/uploads\/2021\/05\/E2HSAXaXIAIO2MS-300x156.jpg 300w, https:\/\/eldiariodesanpedro.com.ar\/sitio\/wp-content\/uploads\/2021\/05\/E2HSAXaXIAIO2MS-768x400.jpg 768w, https:\/\/eldiariodesanpedro.com.ar\/sitio\/wp-content\/uploads\/2021\/05\/E2HSAXaXIAIO2MS.jpg 1026w\" data-sizes=\"(max-width: 1024px) 100vw, 1024px\" src=\"data:image\/svg+xml;base64,PHN2ZyB3aWR0aD0iMSIgaGVpZ2h0PSIxIiB4bWxucz0iaHR0cDovL3d3dy53My5vcmcvMjAwMC9zdmciPjwvc3ZnPg==\" style=\"--smush-placeholder-width: 1024px; --smush-placeholder-aspect-ratio: 1024\/533;\" \/><\/figure>\n\n\n\n<p>En tanto, el viceministro de Salud,\u00a0<strong>Nicol\u00e1s Kreplak<\/strong>, se\u00f1al\u00f3 que \u201cestos n\u00fameros son inobjetables y argumentan la decisi\u00f3n del presidente (Alberto Fern\u00e1ndez) y del gobernador (Axel Kicillof) para reducir la movilidad\u201d. \u201cAprovechemos estos nueve d\u00edas para quedarnos en casa y vacunar\u201d, pidi\u00f3.<\/p>\n\n\n\n<figure class=\"wp-block-image size-large\"><img decoding=\"async\" width=\"1024\" height=\"547\" data-attachment-id=\"93124\" data-permalink=\"https:\/\/eldiariodesanpedro.com.ar\/sitio\/asi-avanza-el-coronavirus-en-la-provincia\/e2hva7bwqau2fck\/\" data-orig-file=\"https:\/\/eldiariodesanpedro.com.ar\/sitio\/wp-content\/uploads\/2021\/05\/E2HVA7bWQAU2fck.jpg\" data-orig-size=\"1042,557\" data-comments-opened=\"1\" data-image-meta=\"{&quot;aperture&quot;:&quot;0&quot;,&quot;credit&quot;:&quot;&quot;,&quot;camera&quot;:&quot;&quot;,&quot;caption&quot;:&quot;&quot;,&quot;created_timestamp&quot;:&quot;0&quot;,&quot;copyright&quot;:&quot;&quot;,&quot;focal_length&quot;:&quot;0&quot;,&quot;iso&quot;:&quot;0&quot;,&quot;shutter_speed&quot;:&quot;0&quot;,&quot;title&quot;:&quot;&quot;,&quot;orientation&quot;:&quot;0&quot;}\" data-image-title=\"E2HVA7bWQAU2fck\" data-image-description=\"\" data-image-caption=\"\" data-large-file=\"https:\/\/eldiariodesanpedro.com.ar\/sitio\/wp-content\/uploads\/2021\/05\/E2HVA7bWQAU2fck-1024x547.jpg\" data-src=\"https:\/\/eldiariodesanpedro.com.ar\/sitio\/wp-content\/uploads\/2021\/05\/E2HVA7bWQAU2fck-1024x547.jpg\" alt=\"\" class=\"wp-image-93124 lazyload\" data-srcset=\"https:\/\/eldiariodesanpedro.com.ar\/sitio\/wp-content\/uploads\/2021\/05\/E2HVA7bWQAU2fck-1024x547.jpg 1024w, https:\/\/eldiariodesanpedro.com.ar\/sitio\/wp-content\/uploads\/2021\/05\/E2HVA7bWQAU2fck-300x160.jpg 300w, https:\/\/eldiariodesanpedro.com.ar\/sitio\/wp-content\/uploads\/2021\/05\/E2HVA7bWQAU2fck-768x411.jpg 768w, https:\/\/eldiariodesanpedro.com.ar\/sitio\/wp-content\/uploads\/2021\/05\/E2HVA7bWQAU2fck.jpg 1042w\" data-sizes=\"(max-width: 1024px) 100vw, 1024px\" src=\"data:image\/svg+xml;base64,PHN2ZyB3aWR0aD0iMSIgaGVpZ2h0PSIxIiB4bWxucz0iaHR0cDovL3d3dy53My5vcmcvMjAwMC9zdmciPjwvc3ZnPg==\" style=\"--smush-placeholder-width: 1024px; --smush-placeholder-aspect-ratio: 1024\/547;\" \/><\/figure>\n\n\n\n<p>En rigor, entre el 17 y el 23 de mayo se registraron unos 12.008 contagios diarios de coronavirus en la provincia, el r\u00e9cord de casos desde que se inicio la pandemia. Unos 8.467 fueron detectados en el \u00c1rea Metropolitana (AMBA), mientras que 3.512 se informaron desde el interior.<\/p>\n\n\n\n<p>En el periodo anterior, del 10 al 16 de mayo, se hab\u00edan registrado 9.221: 6.870 en los distritos del conurbano y 2.314 en el interior.<\/p>\n\n\n\n<p>\u201cLa peor semana desde que empez\u00f3 la pandemia en nuestra provincia. Si discriminamos por regiones, en AMBA aument\u00f3 23,2% y en interior 51,8%. Nos tenemos que guardar estos d\u00edas para bajar la curva de contagios. No nos podemos acostumbrar a esta cantidad de contagios y muertes\u201d, agreg\u00f3 Bianco.<\/p>\n\n\n\n<p>La provincia hab\u00eda alcanzado n\u00fameros similares en las semanas del 5 al 11 de abril y del 12 al 18 de abril cuando los contagios promediaron 11.740 y 11.746, respectivamente.<\/p>\n\n\n\n<p>Fuente: <a href=\"https:\/\/infocielo.com\/coronavirus\/asi-avanza-el-coronavirus-la-provincia-n712365\">Infocielo<\/a><\/p>\n","protected":false},"excerpt":{"rendered":"<p>Los contagios diarios de coronavirus alcanzaron durante la semana pasada a los 12.008, el n\u00famero m\u00e1s alto desde el inicio de la pandemia en la Provincia. Los casos diarios\u00a0coronavirus\u00a0en la\u00a0provincia\u00a0de Buenos Aires promediaron la semana pasada los 12.008, el n\u00famero m\u00e1s alto desde el inicio de la pandemia, con un incremento que super\u00f3 el 50% [&hellip;]<\/p>\n","protected":false},"author":4,"featured_media":93125,"comment_status":"open","ping_status":"closed","sticky":false,"template":"","format":"standard","meta":{"om_disable_all_campaigns":false,"_jetpack_memberships_contains_paid_content":false,"footnotes":""},"categories":[621],"tags":[],"class_list":["post-93122","post","type-post","status-publish","format-standard","has-post-thumbnail","hentry","category-regionales"],"aioseo_notices":[],"gutentor_comment":0,"jetpack_featured_media_url":"https:\/\/eldiariodesanpedro.com.ar\/sitio\/wp-content\/uploads\/2021\/05\/coronavirus.jpg","jetpack_shortlink":"https:\/\/wp.me\/p6RhLt-odY","jetpack_sharing_enabled":true,"_links":{"self":[{"href":"https:\/\/eldiariodesanpedro.com.ar\/sitio\/wp-json\/wp\/v2\/posts\/93122","targetHints":{"allow":["GET"]}}],"collection":[{"href":"https:\/\/eldiariodesanpedro.com.ar\/sitio\/wp-json\/wp\/v2\/posts"}],"about":[{"href":"https:\/\/eldiariodesanpedro.com.ar\/sitio\/wp-json\/wp\/v2\/types\/post"}],"author":[{"embeddable":true,"href":"https:\/\/eldiariodesanpedro.com.ar\/sitio\/wp-json\/wp\/v2\/users\/4"}],"replies":[{"embeddable":true,"href":"https:\/\/eldiariodesanpedro.com.ar\/sitio\/wp-json\/wp\/v2\/comments?post=93122"}],"version-history":[{"count":1,"href":"https:\/\/eldiariodesanpedro.com.ar\/sitio\/wp-json\/wp\/v2\/posts\/93122\/revisions"}],"predecessor-version":[{"id":93126,"href":"https:\/\/eldiariodesanpedro.com.ar\/sitio\/wp-json\/wp\/v2\/posts\/93122\/revisions\/93126"}],"wp:featuredmedia":[{"embeddable":true,"href":"https:\/\/eldiariodesanpedro.com.ar\/sitio\/wp-json\/wp\/v2\/media\/93125"}],"wp:attachment":[{"href":"https:\/\/eldiariodesanpedro.com.ar\/sitio\/wp-json\/wp\/v2\/media?parent=93122"}],"wp:term":[{"taxonomy":"category","embeddable":true,"href":"https:\/\/eldiariodesanpedro.com.ar\/sitio\/wp-json\/wp\/v2\/categories?post=93122"},{"taxonomy":"post_tag","embeddable":true,"href":"https:\/\/eldiariodesanpedro.com.ar\/sitio\/wp-json\/wp\/v2\/tags?post=93122"}],"curies":[{"name":"wp","href":"https:\/\/api.w.org\/{rel}","templated":true}]}}