{"id":93109,"date":"2021-05-25T18:38:20","date_gmt":"2021-05-25T21:38:20","guid":{"rendered":"https:\/\/eldiariodesanpedro.com.ar\/sitio\/?p=93109"},"modified":"2021-05-25T18:38:24","modified_gmt":"2021-05-25T21:38:24","slug":"campana-solidaria-para-ayudar-al-mensajero-ruben-solis-para-comprarle-una-moto","status":"publish","type":"post","link":"https:\/\/eldiariodesanpedro.com.ar\/sitio\/campana-solidaria-para-ayudar-al-mensajero-ruben-solis-para-comprarle-una-moto\/","title":{"rendered":"Campa\u00f1a solidaria para ayudar al mensajero Rub\u00e9n Sol\u00eds para comprarle una moto"},"content":{"rendered":"<!-- VideographyWP Plugin Message: Automatic video embedding prevented by plugin options. -->\n\n<p>Rub\u00e9n Sol\u00eds es un reconocido mensajero\/motoquero que se dedica a este trabajo desde el a\u00f1o 1998 y en nuestra ciudad es una de las personas con mas experiencia en el rubro y sobre todo sus clientes saben lo responsable que es.<\/p>\n\n\n\n<p>El pasado s\u00e1bado cuando realizaba la entrega de un pedido fue victima de el robo de su motocicleta, su principal herramienta de trabajo y teniendo en cuenta que la polic\u00eda no pudo dar con el paradero del delincuente, su familia y amigos decidieron comenzar con una campa\u00f1a solidaria.<\/p>\n\n\n\n<p>La manera de ayudar es colaborando con lo que se pueda, desde 10 pesos hasta lo que deseen a la cuenta de Rub\u00e9n Sol\u00eds: CVU (Mercado Pago) 0000003100007870991607, con el fin de poder comprarle una motocicleta para que vuelva a trabajar teniendo en cuenta que el mensajero ya tiene 63 a\u00f1os y no ve la posibilidad de conseguir otro trabajo.<\/p>\n","protected":false},"excerpt":{"rendered":"<p>Rub\u00e9n Sol\u00eds es un reconocido mensajero\/motoquero que se dedica a este trabajo desde el a\u00f1o 1998 y en nuestra ciudad es una de las personas con mas experiencia en el rubro y sobre todo sus clientes saben lo responsable que es. El pasado s\u00e1bado cuando realizaba la entrega de un pedido fue victima de el [&hellip;]<\/p>\n","protected":false},"author":4,"featured_media":93110,"comment_status":"open","ping_status":"closed","sticky":false,"template":"","format":"standard","meta":{"om_disable_all_campaigns":false,"_jetpack_memberships_contains_paid_content":false,"footnotes":""},"categories":[50,101,2],"tags":[],"class_list":["post-93109","post","type-post","status-publish","format-standard","has-post-thumbnail","hentry","category-destacadas","category-interes-general-locales","category-locales"],"aioseo_notices":[],"gutentor_comment":0,"jetpack_featured_media_url":"https:\/\/eldiariodesanpedro.com.ar\/sitio\/wp-content\/uploads\/2021\/05\/Motoquero-asaltado-1.png","jetpack_shortlink":"https:\/\/wp.me\/p6RhLt-odL","jetpack_sharing_enabled":true,"_links":{"self":[{"href":"https:\/\/eldiariodesanpedro.com.ar\/sitio\/wp-json\/wp\/v2\/posts\/93109","targetHints":{"allow":["GET"]}}],"collection":[{"href":"https:\/\/eldiariodesanpedro.com.ar\/sitio\/wp-json\/wp\/v2\/posts"}],"about":[{"href":"https:\/\/eldiariodesanpedro.com.ar\/sitio\/wp-json\/wp\/v2\/types\/post"}],"author":[{"embeddable":true,"href":"https:\/\/eldiariodesanpedro.com.ar\/sitio\/wp-json\/wp\/v2\/users\/4"}],"replies":[{"embeddable":true,"href":"https:\/\/eldiariodesanpedro.com.ar\/sitio\/wp-json\/wp\/v2\/comments?post=93109"}],"version-history":[{"count":1,"href":"https:\/\/eldiariodesanpedro.com.ar\/sitio\/wp-json\/wp\/v2\/posts\/93109\/revisions"}],"predecessor-version":[{"id":93111,"href":"https:\/\/eldiariodesanpedro.com.ar\/sitio\/wp-json\/wp\/v2\/posts\/93109\/revisions\/93111"}],"wp:featuredmedia":[{"embeddable":true,"href":"https:\/\/eldiariodesanpedro.com.ar\/sitio\/wp-json\/wp\/v2\/media\/93110"}],"wp:attachment":[{"href":"https:\/\/eldiariodesanpedro.com.ar\/sitio\/wp-json\/wp\/v2\/media?parent=93109"}],"wp:term":[{"taxonomy":"category","embeddable":true,"href":"https:\/\/eldiariodesanpedro.com.ar\/sitio\/wp-json\/wp\/v2\/categories?post=93109"},{"taxonomy":"post_tag","embeddable":true,"href":"https:\/\/eldiariodesanpedro.com.ar\/sitio\/wp-json\/wp\/v2\/tags?post=93109"}],"curies":[{"name":"wp","href":"https:\/\/api.w.org\/{rel}","templated":true}]}}