{"id":93104,"date":"2021-05-25T18:11:23","date_gmt":"2021-05-25T21:11:23","guid":{"rendered":"https:\/\/eldiariodesanpedro.com.ar\/sitio\/?p=93104"},"modified":"2021-05-25T18:11:27","modified_gmt":"2021-05-25T21:11:27","slug":"una-mujer-de-65-anos-nilda-gutierrez-es-la-victima-de-hoy-de-covid","status":"publish","type":"post","link":"https:\/\/eldiariodesanpedro.com.ar\/sitio\/una-mujer-de-65-anos-nilda-gutierrez-es-la-victima-de-hoy-de-covid\/","title":{"rendered":"Una mujer de 65 a\u00f1os, Nilda Guti\u00e9rrez es la victima de hoy de covid"},"content":{"rendered":"<!-- VideographyWP Plugin Message: Automatic video embedding prevented by plugin options. -->\n\n<p>La Secretar\u00eda de Salud informa el fallecimiento de la Sra. <strong>Nilda Guti\u00e9rrez de 65 a\u00f1os<\/strong>, internada con un caso de Covid-19 positivo en el Hospital Emilio Ruffa.<\/p>\n\n\n\n<p>Compartimos las condolencias con sus familiares y amigos<\/p>\n","protected":false},"excerpt":{"rendered":"<p>La Secretar\u00eda de Salud informa el fallecimiento de la Sra. Nilda Guti\u00e9rrez de 65 a\u00f1os, internada con un caso de Covid-19 positivo en el Hospital Emilio Ruffa. Compartimos las condolencias con sus familiares y amigos<\/p>\n","protected":false},"author":4,"featured_media":86026,"comment_status":"open","ping_status":"closed","sticky":false,"template":"","format":"standard","meta":{"om_disable_all_campaigns":false,"_jetpack_memberships_contains_paid_content":false,"footnotes":""},"categories":[50,101,2],"tags":[],"class_list":["post-93104","post","type-post","status-publish","format-standard","has-post-thumbnail","hentry","category-destacadas","category-interes-general-locales","category-locales"],"aioseo_notices":[],"gutentor_comment":0,"jetpack_featured_media_url":"https:\/\/eldiariodesanpedro.com.ar\/sitio\/wp-content\/uploads\/2021\/01\/coronavirus-los-numeros-la-nochebuena-y-navidad_658x400.jpg","jetpack_shortlink":"https:\/\/wp.me\/p6RhLt-odG","jetpack_sharing_enabled":true,"_links":{"self":[{"href":"https:\/\/eldiariodesanpedro.com.ar\/sitio\/wp-json\/wp\/v2\/posts\/93104","targetHints":{"allow":["GET"]}}],"collection":[{"href":"https:\/\/eldiariodesanpedro.com.ar\/sitio\/wp-json\/wp\/v2\/posts"}],"about":[{"href":"https:\/\/eldiariodesanpedro.com.ar\/sitio\/wp-json\/wp\/v2\/types\/post"}],"author":[{"embeddable":true,"href":"https:\/\/eldiariodesanpedro.com.ar\/sitio\/wp-json\/wp\/v2\/users\/4"}],"replies":[{"embeddable":true,"href":"https:\/\/eldiariodesanpedro.com.ar\/sitio\/wp-json\/wp\/v2\/comments?post=93104"}],"version-history":[{"count":1,"href":"https:\/\/eldiariodesanpedro.com.ar\/sitio\/wp-json\/wp\/v2\/posts\/93104\/revisions"}],"predecessor-version":[{"id":93105,"href":"https:\/\/eldiariodesanpedro.com.ar\/sitio\/wp-json\/wp\/v2\/posts\/93104\/revisions\/93105"}],"wp:featuredmedia":[{"embeddable":true,"href":"https:\/\/eldiariodesanpedro.com.ar\/sitio\/wp-json\/wp\/v2\/media\/86026"}],"wp:attachment":[{"href":"https:\/\/eldiariodesanpedro.com.ar\/sitio\/wp-json\/wp\/v2\/media?parent=93104"}],"wp:term":[{"taxonomy":"category","embeddable":true,"href":"https:\/\/eldiariodesanpedro.com.ar\/sitio\/wp-json\/wp\/v2\/categories?post=93104"},{"taxonomy":"post_tag","embeddable":true,"href":"https:\/\/eldiariodesanpedro.com.ar\/sitio\/wp-json\/wp\/v2\/tags?post=93104"}],"curies":[{"name":"wp","href":"https:\/\/api.w.org\/{rel}","templated":true}]}}