{"id":93088,"date":"2021-05-24T20:06:01","date_gmt":"2021-05-24T23:06:01","guid":{"rendered":"https:\/\/eldiariodesanpedro.com.ar\/sitio\/?p=93088"},"modified":"2021-05-24T20:06:32","modified_gmt":"2021-05-24T23:06:32","slug":"hablemos-sobre-la-depresion-y-el-suicidio","status":"publish","type":"post","link":"https:\/\/eldiariodesanpedro.com.ar\/sitio\/hablemos-sobre-la-depresion-y-el-suicidio\/","title":{"rendered":"Hablemos sobre la depresi\u00f3n y el suicidio"},"content":{"rendered":"<!-- VideographyWP Plugin Message: Automatic video embedding prevented by plugin options. -->\n\n<p>El suicidio se ha convertido en un tema tab\u00fa para nuestra sociedad. Sin embargo, ese acto que refiere a una decisi\u00f3n individual, tiene un fuerte componente social que hace imperioso romper con el mito y hablar responsablemente para tratar de evitarlos.<\/p>\n\n\n\n<p>La psic\u00f3loga Ana Rita Baquela dialog\u00f3 en RADIO META sobre el suicidio y su tratamiento en los medios de comunicaci\u00f3n. \u201cM\u00e1s all\u00e1 de que es un acto individual, siempre tiene un alcance colectivo, es un problema sanitario, social y tiene que haber un abordaje comunitario y responsable del tema, nos compete a todos el suicidio, justamente hay que hablar de \u00e9sto\u201d.<\/p>\n\n\n\n<figure class=\"wp-block-image size-large\"><img decoding=\"async\" width=\"800\" height=\"600\" data-attachment-id=\"93089\" data-permalink=\"https:\/\/eldiariodesanpedro.com.ar\/sitio\/hablemos-sobre-la-depresion-y-el-suicidio\/attachment\/16218892730\/\" data-orig-file=\"https:\/\/eldiariodesanpedro.com.ar\/sitio\/wp-content\/uploads\/2021\/05\/16218892730.jpg\" data-orig-size=\"800,600\" data-comments-opened=\"1\" data-image-meta=\"{&quot;aperture&quot;:&quot;0&quot;,&quot;credit&quot;:&quot;&quot;,&quot;camera&quot;:&quot;&quot;,&quot;caption&quot;:&quot;&quot;,&quot;created_timestamp&quot;:&quot;0&quot;,&quot;copyright&quot;:&quot;&quot;,&quot;focal_length&quot;:&quot;0&quot;,&quot;iso&quot;:&quot;0&quot;,&quot;shutter_speed&quot;:&quot;0&quot;,&quot;title&quot;:&quot;&quot;,&quot;orientation&quot;:&quot;0&quot;}\" data-image-title=\"16218892730\" data-image-description=\"\" data-image-caption=\"\" data-large-file=\"https:\/\/eldiariodesanpedro.com.ar\/sitio\/wp-content\/uploads\/2021\/05\/16218892730.jpg\" data-src=\"https:\/\/eldiariodesanpedro.com.ar\/sitio\/wp-content\/uploads\/2021\/05\/16218892730.jpg\" alt=\"\" class=\"wp-image-93089 lazyload\" data-srcset=\"https:\/\/eldiariodesanpedro.com.ar\/sitio\/wp-content\/uploads\/2021\/05\/16218892730.jpg 800w, https:\/\/eldiariodesanpedro.com.ar\/sitio\/wp-content\/uploads\/2021\/05\/16218892730-300x225.jpg 300w, https:\/\/eldiariodesanpedro.com.ar\/sitio\/wp-content\/uploads\/2021\/05\/16218892730-768x576.jpg 768w, https:\/\/eldiariodesanpedro.com.ar\/sitio\/wp-content\/uploads\/2021\/05\/16218892730-500x375.jpg 500w\" data-sizes=\"(max-width: 800px) 100vw, 800px\" src=\"data:image\/svg+xml;base64,PHN2ZyB3aWR0aD0iMSIgaGVpZ2h0PSIxIiB4bWxucz0iaHR0cDovL3d3dy53My5vcmcvMjAwMC9zdmciPjwvc3ZnPg==\" style=\"--smush-placeholder-width: 800px; --smush-placeholder-aspect-ratio: 800\/600;\" \/><figcaption>psic\u00f3loga Ana Rita Baquela<\/figcaption><\/figure>\n\n\n\n<p>Respecto al tratamiento period\u00edstico, indic\u00f3: \u201cMuchas veces se informa desde la secci\u00f3n policiales y no es un delito, es un problema de salud, es algo que le puede pasar a cualquiera, hay muchos mitos\u201d. Y en ese sentido, ejemplific\u00f3: \u201cOtra de las cuestiones que est\u00e1n en el imaginario social es que ocurre cuando alguien estado depresivo, y no siempre alguien que tiene esas ideas est\u00e1 en un proceso de depresi\u00f3n. Porque sino, un familiar o amigo de alguien que no est\u00e1 depresivo y est\u00e1 dando pautas de alarma puede pensar que no\u201d.<\/p>\n\n\n\n<p>Ana Rita cont\u00f3 cu\u00e1les podr\u00edan ser algunas se\u00f1ales de alerta. \u201cEl aislamiento; las persistencia de ideas negativas; cierta dificultad al comer, dormir; dificultad en el trabajo; a veces un cambio repentino de conducta, llanto inconsolable, alguna situaci\u00f3n adaptativa, la p\u00e9rdida del trabajo\u2026\u201d.<\/p>\n\n\n\n<p>Para la psic\u00f3loga es fundamental hablar del tema suicidio. \u201cOtro mito es que del suicidio no hay que hablar, porque entonces si uno lo habla puede ocurrir. En realidad, si una persona viene con estas ideas y puede hablar del tema, se reduce, no es que se incrementa la necesidad, muchas veces cede la idea\u201d.<\/p>\n\n\n\n<p>Tambi\u00e9n el suicidio como \u00fanico camino, es una idea a derrumbar. \u201cAlgunos dicen \u00b4el que se suicida quiere morir\u00b4. En realidad, si hab\u00eda la posibilidad de hablar con alguien, eso se corre r\u00e1pidamente. Un llamado telef\u00f3nico, un amigo, un docente, un psic\u00f3logo. Siempre el otro es importante en la prevenci\u00f3n, las habilidades sociales. Por eso digo que es algo social, porque todos tenemos que estar atentos y podemos dar una mano al que no ve otra salida, hay salidas en relaci\u00f3n al seguir vivo\u201d.<\/p>\n\n\n\n<p>Sobre el tratamiento del suicidio como informaci\u00f3n period\u00edstica, recomend\u00f3: \u201cNo hablar individualmente del hecho, de la situaci\u00f3n, el detalle no aporta nada. Hay que hablar desde el lugar de la prevenci\u00f3n, hablar del tema, no del hecho logrado: el sujeto y los detalles\u201d.<\/p>\n\n\n\n<p><strong>La Subsecretar\u00edas de Salud Mental, Consumos Problem\u00e1ticos y Violencia tiene habilitado el 0800 222 5462, de lunes a viernes las 24 hs y fines de semana y feriados de 9:00 a 24: 00 para aquellas personas que necesitan ayuda. Se puede llamar tambi\u00e9n a la l\u00ednea de emergencia 107<\/strong>.<\/p>\n\n\n\n<p>Fuente: <a href=\"https:\/\/www.metafm.com.ar\/nota\/hablemos-de-suicidio\/5178#\">Fm Meta<\/a><\/p>\n\n\n\n<h3 class=\"wp-block-heading\" id=\"que-depresion\">\u00bfQu\u00e9 es la depresi\u00f3n?<\/h3>\n\n\n\n<p>Ocasionalmente, todos nos sentimos melanc\u00f3licos o tristes, pero estos sentimientos, por lo general, son pasajeros y se superan en poco tiempo. En cambio, cuando una persona tiene un trastorno depresivo, este interfiere con la vida diaria y afecta al desempe\u00f1o normal de sus actividades cotidianas.<\/p>\n\n\n\n<p>La depresi\u00f3n es una enfermedad com\u00fan pero grave, y la mayor parte de quienes la padecen necesita tratamiento para mejorar. En el peor de los casos, la depresi\u00f3n puede prolongarse durante a\u00f1os e, incluso, afectar de forma irreversible a la persona que la padece.<\/p>\n\n\n\n<p>Por tanto, la depresi\u00f3n se caracteriza por un\u00a0<strong>estado de \u00e1nimo bajo y sentimientos de tristeza, asociados a alteraciones del comportamiento<\/strong>, del grado de actividad y del pensamiento. Puede causar ansiedad, insomnio, p\u00e9rdida de apetito y falta de inter\u00e9s o placer por realizar diferentes actividades, as\u00ed como afectar a las actividades laborales, escolares y familiares.<\/p>\n\n\n\n<h3 class=\"wp-block-heading\" id=\"causas-depresion\">\u00bfQu\u00e9 provoca la depresi\u00f3n?<\/h3>\n\n\n\n<p>Las razones por las que uno se deprime pueden ser obvias o todo lo contrario. Igualmente, puede existir un solo motivo o varios. En realidad, no existe una causa \u00fanica conocida de la depresi\u00f3n. M\u00e1s bien, esta parece ser el resultado de una combinaci\u00f3n de factores gen\u00e9ticos, bioqu\u00edmicos, y psicol\u00f3gicos.<\/p>\n\n\n\n<p>Por ejemplo, sufrir un episodio traum\u00e1tico, la p\u00e9rdida de un ser querido, atravesar por una relaci\u00f3n dificultosa, o cualquier situaci\u00f3n estresante puede provocar un episodio de depresi\u00f3n, y tambi\u00e9n pueden darse episodios de depresi\u00f3n subsiguientes&nbsp; sin una provocaci\u00f3n evidente.<\/p>\n\n\n\n<p>Seg\u00fan la\u00a0Cl\u00ednica Universidad de Navarra,\u00a0este trastorno se produce generalmente por la interacci\u00f3n de factores biol\u00f3gicos (cambios hormonales, alteraciones en los neurotransmisores cerebrales como la serotonina, la noradrenalina y la dopamina, componentes gen\u00e9ticos, etc.) con factores psicosociales (circunstancias estresantes en la vida afectiva, laboral o de relaci\u00f3n) y de personalidad (especialmente, sus mecanismos de defensa psicol\u00f3gicos).<\/p>\n\n\n\n<h3 class=\"wp-block-heading\" id=\"sintomas-depresion\">\u00bfCu\u00e1les son sus s\u00edntomas?<\/h3>\n\n\n\n<p>Aunque no todas las personas con depresi\u00f3n padecen los mismos s\u00edntomas, son habituales los siguientes signos:<\/p>\n\n\n\n<ul class=\"wp-block-list\"><li>Sentimiento persistente de&nbsp;<strong>tristeza, ansiedad, vac\u00edo, desesperanza y pesimismo<\/strong>.<\/li><li>Sentimiento de&nbsp;<strong>culpa, inutilidad o impotencia<\/strong>.<\/li><li><strong>Irritabilidad<\/strong>&nbsp;o inquietud.<\/li><li><strong>P\u00e9rdida de confianza<\/strong>&nbsp;en uno mismo y\/o en los dem\u00e1s.<\/li><li><strong>P\u00e9rdida de inter\u00e9s<\/strong>&nbsp;en las actividades o pasatiempos habituales de los que antes disfrutaba, incluso de las relaciones sexuales. .<\/li><li><strong>P\u00e9rdida de la libido<\/strong>&nbsp;y del inter\u00e9s en las relaciones sexuales.<\/li><li><strong>P\u00e9rdida de la capacidad de disfrutar<\/strong>.<\/li><li><strong>Cansancio<\/strong>&nbsp;exagerado, incluso despu\u00e9s de peque\u00f1os esfuerzos, y falta de energ\u00eda.<\/li><li>Disminuci\u00f3n de la capacidad para concentrarse, recordar detalles y tomar decisiones.<\/li><li><strong>Insomnio<\/strong>, despertar muy temprano, o dormir demasiado.<\/li><li>P\u00e9rdida de&nbsp;<strong>apetito<\/strong>&nbsp;o comer de manera excesiva.<\/li><li>Ideas de<strong>&nbsp;muerte<\/strong>&nbsp;o intentos de suicidio.<\/li><li><strong>Dolores<\/strong>&nbsp;y malestares persistentes: dolores de cabeza, c\u00f3licos o problemas digestivos que no se alivian incluso con tratamiento.<\/li><\/ul>\n","protected":false},"excerpt":{"rendered":"<p>El suicidio se ha convertido en un tema tab\u00fa para nuestra sociedad. Sin embargo, ese acto que refiere a una decisi\u00f3n individual, tiene un fuerte componente social que hace imperioso romper con el mito y hablar responsablemente para tratar de evitarlos. La psic\u00f3loga Ana Rita Baquela dialog\u00f3 en RADIO META sobre el suicidio y su [&hellip;]<\/p>\n","protected":false},"author":4,"featured_media":93090,"comment_status":"open","ping_status":"closed","sticky":false,"template":"","format":"standard","meta":{"om_disable_all_campaigns":false,"_jetpack_memberships_contains_paid_content":false,"footnotes":""},"categories":[101,2],"tags":[],"class_list":["post-93088","post","type-post","status-publish","format-standard","has-post-thumbnail","hentry","category-interes-general-locales","category-locales"],"aioseo_notices":[],"gutentor_comment":0,"jetpack_featured_media_url":"https:\/\/eldiariodesanpedro.com.ar\/sitio\/wp-content\/uploads\/2021\/05\/depresion.jpg","jetpack_shortlink":"https:\/\/wp.me\/p6RhLt-odq","jetpack_sharing_enabled":true,"_links":{"self":[{"href":"https:\/\/eldiariodesanpedro.com.ar\/sitio\/wp-json\/wp\/v2\/posts\/93088","targetHints":{"allow":["GET"]}}],"collection":[{"href":"https:\/\/eldiariodesanpedro.com.ar\/sitio\/wp-json\/wp\/v2\/posts"}],"about":[{"href":"https:\/\/eldiariodesanpedro.com.ar\/sitio\/wp-json\/wp\/v2\/types\/post"}],"author":[{"embeddable":true,"href":"https:\/\/eldiariodesanpedro.com.ar\/sitio\/wp-json\/wp\/v2\/users\/4"}],"replies":[{"embeddable":true,"href":"https:\/\/eldiariodesanpedro.com.ar\/sitio\/wp-json\/wp\/v2\/comments?post=93088"}],"version-history":[{"count":2,"href":"https:\/\/eldiariodesanpedro.com.ar\/sitio\/wp-json\/wp\/v2\/posts\/93088\/revisions"}],"predecessor-version":[{"id":93092,"href":"https:\/\/eldiariodesanpedro.com.ar\/sitio\/wp-json\/wp\/v2\/posts\/93088\/revisions\/93092"}],"wp:featuredmedia":[{"embeddable":true,"href":"https:\/\/eldiariodesanpedro.com.ar\/sitio\/wp-json\/wp\/v2\/media\/93090"}],"wp:attachment":[{"href":"https:\/\/eldiariodesanpedro.com.ar\/sitio\/wp-json\/wp\/v2\/media?parent=93088"}],"wp:term":[{"taxonomy":"category","embeddable":true,"href":"https:\/\/eldiariodesanpedro.com.ar\/sitio\/wp-json\/wp\/v2\/categories?post=93088"},{"taxonomy":"post_tag","embeddable":true,"href":"https:\/\/eldiariodesanpedro.com.ar\/sitio\/wp-json\/wp\/v2\/tags?post=93088"}],"curies":[{"name":"wp","href":"https:\/\/api.w.org\/{rel}","templated":true}]}}