{"id":93085,"date":"2021-05-24T19:55:32","date_gmt":"2021-05-24T22:55:32","guid":{"rendered":"https:\/\/eldiariodesanpedro.com.ar\/sitio\/?p=93085"},"modified":"2021-05-24T19:55:35","modified_gmt":"2021-05-24T22:55:35","slug":"san-nicolas-el-hospital-san-felipe-implementa-con-resultados-positivos-suero-equino-en-pacientes-graves","status":"publish","type":"post","link":"https:\/\/eldiariodesanpedro.com.ar\/sitio\/san-nicolas-el-hospital-san-felipe-implementa-con-resultados-positivos-suero-equino-en-pacientes-graves\/","title":{"rendered":"SAN NICOL\u00c1S | El hospital San Felipe implementa con resultados positivos suero equino en pacientes graves"},"content":{"rendered":"<!-- VideographyWP Plugin Message: Automatic video embedding prevented by plugin options. -->\n\n<p>El Hospital San Felipe San Nicol\u00e1s ha comenzado con la administraci\u00f3n de SUERO EQUINO en pacientes con Covid-19 que se encuentran INTERNADOS con criterios de GRAVEDAD.<\/p>\n\n\n\n<p>El tratamiento se aplic\u00f3 en 5 pacientes adultos en estado grave por covid19 y los resultados fueron favorables en 2 de ellos con el pronto alta, otro se encuentra a\u00fan internado y&nbsp; evolucionando favorablemente. El cuarto paciente debi\u00f3 ser trasladado a UTI a\u00fan sin requerimiento de ARM&nbsp; y el quinto fue administrado en el d\u00eda de ayer y se aguarda evaluar resultados.<\/p>\n\n\n\n<p>EL SUERO EQUINO Y SU FUNCI\u00d3N<\/p>\n\n\n\n<p>Se trata de un producto m\u00e9dico autorizado por la ANMAT y tiene la capacidad neutralizante contra el nuevo coronavirus basada en inmunizaci\u00f3n pasiva. Esto significa que al paciente se le administran anticuerpos contra el agente infeccioso para bloquearlo y evitar que se propague en el organismo.<\/p>\n\n\n\n<p>En ensayos cl\u00ednicos demostr\u00f3 reducir la mortalidad en un 45% para los casos severos de coronavirus.<\/p>\n\n\n\n<p>C\u00d3MO SE IMPLEMENTA:<\/p>\n\n\n\n<p>Luego que los equipos de trabajo, constituidos por m\u00e9dicos de planta de cl\u00ednica m\u00e9dica junto a residentes de cl\u00ednica, de terapia intensiva y de medicina general, solicitan a la Farmacia del Hospital el suero equino el personal de Enfermer\u00eda es responsable de la administraci\u00f3n del suero al paciente.<\/p>\n\n\n\n<p>Se administra en dos dosis y de forma de infusi\u00f3n intravenosa durante 50 minutos con un intervalo de 48 hs entre las dos dosis.<\/p>\n\n\n\n<p>Este abordaje terap\u00e9utico es para aquellos pacientes en estado grave, que presentan los siguientes signos: disnea con infiltrados pulmonares bilaterales (neumon\u00eda bilateral) frecuencia respiratoria elevada, saturaci\u00f3n de ox\u00edgeno baja con requerimiento de ox\u00edgeno suplementario, deterioro de la conciencia, entre otros.<\/p>\n\n\n\n<p>Prensa Hospital San Felipe<\/p>\n","protected":false},"excerpt":{"rendered":"<p>El Hospital San Felipe San Nicol\u00e1s ha comenzado con la administraci\u00f3n de SUERO EQUINO en pacientes con Covid-19 que se encuentran INTERNADOS con criterios de GRAVEDAD. El tratamiento se aplic\u00f3 en 5 pacientes adultos en estado grave por covid19 y los resultados fueron favorables en 2 de ellos con el pronto alta, otro se encuentra [&hellip;]<\/p>\n","protected":false},"author":4,"featured_media":93086,"comment_status":"open","ping_status":"closed","sticky":false,"template":"","format":"standard","meta":{"om_disable_all_campaigns":false,"_jetpack_memberships_contains_paid_content":false,"footnotes":""},"categories":[2],"tags":[],"class_list":["post-93085","post","type-post","status-publish","format-standard","has-post-thumbnail","hentry","category-locales"],"aioseo_notices":[],"gutentor_comment":0,"jetpack_featured_media_url":"https:\/\/eldiariodesanpedro.com.ar\/sitio\/wp-content\/uploads\/2021\/05\/resize_1621707659.jpg","jetpack_shortlink":"https:\/\/wp.me\/p6RhLt-odn","jetpack_sharing_enabled":true,"_links":{"self":[{"href":"https:\/\/eldiariodesanpedro.com.ar\/sitio\/wp-json\/wp\/v2\/posts\/93085","targetHints":{"allow":["GET"]}}],"collection":[{"href":"https:\/\/eldiariodesanpedro.com.ar\/sitio\/wp-json\/wp\/v2\/posts"}],"about":[{"href":"https:\/\/eldiariodesanpedro.com.ar\/sitio\/wp-json\/wp\/v2\/types\/post"}],"author":[{"embeddable":true,"href":"https:\/\/eldiariodesanpedro.com.ar\/sitio\/wp-json\/wp\/v2\/users\/4"}],"replies":[{"embeddable":true,"href":"https:\/\/eldiariodesanpedro.com.ar\/sitio\/wp-json\/wp\/v2\/comments?post=93085"}],"version-history":[{"count":1,"href":"https:\/\/eldiariodesanpedro.com.ar\/sitio\/wp-json\/wp\/v2\/posts\/93085\/revisions"}],"predecessor-version":[{"id":93087,"href":"https:\/\/eldiariodesanpedro.com.ar\/sitio\/wp-json\/wp\/v2\/posts\/93085\/revisions\/93087"}],"wp:featuredmedia":[{"embeddable":true,"href":"https:\/\/eldiariodesanpedro.com.ar\/sitio\/wp-json\/wp\/v2\/media\/93086"}],"wp:attachment":[{"href":"https:\/\/eldiariodesanpedro.com.ar\/sitio\/wp-json\/wp\/v2\/media?parent=93085"}],"wp:term":[{"taxonomy":"category","embeddable":true,"href":"https:\/\/eldiariodesanpedro.com.ar\/sitio\/wp-json\/wp\/v2\/categories?post=93085"},{"taxonomy":"post_tag","embeddable":true,"href":"https:\/\/eldiariodesanpedro.com.ar\/sitio\/wp-json\/wp\/v2\/tags?post=93085"}],"curies":[{"name":"wp","href":"https:\/\/api.w.org\/{rel}","templated":true}]}}