{"id":93082,"date":"2021-05-24T19:54:04","date_gmt":"2021-05-24T22:54:04","guid":{"rendered":"https:\/\/eldiariodesanpedro.com.ar\/sitio\/?p=93082"},"modified":"2021-05-24T19:54:07","modified_gmt":"2021-05-24T22:54:07","slug":"campana-cayo-banda-de-gitanos-acusados-de-haber-cometido-varias-estafas","status":"publish","type":"post","link":"https:\/\/eldiariodesanpedro.com.ar\/sitio\/campana-cayo-banda-de-gitanos-acusados-de-haber-cometido-varias-estafas\/","title":{"rendered":"CAMPANA | Cay\u00f3 banda de gitanos: acusados de haber cometido varias estafas"},"content":{"rendered":"<!-- VideographyWP Plugin Message: Automatic video embedding prevented by plugin options. -->\n\n<p><strong>Autoridades policiales consiguieron desbaratar, en la localidad de Campana, a una peligrosa banda de gitanos, quienes se dedicaban a consumar estafas en la famosa modalidad de El Cuento del T\u00edo. El grupo de marginales era liderado, desde la c\u00e1rcel de Lisandro Olmos, por un integrante de esta colectividad.<\/strong><\/p>\n\n\n\n<p>Los voceros de la Justicia revelaron que el l\u00edder de la banda conduc\u00eda las actividades de los malvivientes desde su calabozo, en el citado establecimiento penitenciario.<\/p>\n\n\n\n<p>De acuerdo a lo manifestado por los informantes, las diligencias se iniciaron el 5 de diciembre de 2018 a ra\u00edz de una denuncia que una de las v\u00edctimas de los acusados formul\u00f3 en la Capital Federal, oportunidad en la que argument\u00f3 que hab\u00eda sufrido el tradicional Cuento del T\u00edo.<\/p>\n\n\n\n<p>Trascendi\u00f3 que, con los datos obtenidos en el expediente, los pesquisas destinados en el Departamento de Investigaciones Especiales de la Polic\u00eda Federal Argentina y en la Direcci\u00f3n Departamental de Investigaciones (D.D.I.) de Z\u00e1rate \u2013 Campana realizaron un allanamiento en una finca situada en calle Formosa al 100, casi en el cruce con Ceferino Namuncur\u00e1 de Campana.<\/p>\n\n\n\n<p>En el citado operativo, los servidores p\u00fablicos apresaron a dos individuos, de 29 y 21 a\u00f1os, y a una mujer, de 21 (todos ellos gitanos), en cuyo poder se incautaron cinco tel\u00e9fonos celulares.<\/p>\n\n\n\n<p>Se asegura que la joven arrestada era una de las personas que efectuaba los llamados telef\u00f3nicos a los distintos damnificados.<\/p>\n\n\n\n<p>Intervinieron el causa, que fue caratulada \u201cEstafa\u201d, el doctor Luis Alberto Schelgel, titular del Juzgado Criminal y Correccional N\u00b0 47 de la Ciudad de Buenos Aires, y su colega, el doctor Julio Andr\u00e9s Grassi, responsable del Juzgado de Garant\u00edas N\u00b0 2 de los tribunales de Z\u00e1rate \u2013 Campana.<\/p>\n\n\n\n<p>Fuente: Impacto local<\/p>\n","protected":false},"excerpt":{"rendered":"<p>Autoridades policiales consiguieron desbaratar, en la localidad de Campana, a una peligrosa banda de gitanos, quienes se dedicaban a consumar estafas en la famosa modalidad de El Cuento del T\u00edo. El grupo de marginales era liderado, desde la c\u00e1rcel de Lisandro Olmos, por un integrante de esta colectividad. Los voceros de la Justicia revelaron que [&hellip;]<\/p>\n","protected":false},"author":4,"featured_media":93083,"comment_status":"open","ping_status":"closed","sticky":false,"template":"","format":"standard","meta":{"om_disable_all_campaigns":false,"_jetpack_memberships_contains_paid_content":false,"footnotes":""},"categories":[621],"tags":[],"class_list":["post-93082","post","type-post","status-publish","format-standard","has-post-thumbnail","hentry","category-regionales"],"aioseo_notices":[],"gutentor_comment":0,"jetpack_featured_media_url":"https:\/\/eldiariodesanpedro.com.ar\/sitio\/wp-content\/uploads\/2021\/05\/Screenshot_20210522-192609_Chrome.jpg","jetpack_shortlink":"https:\/\/wp.me\/p6RhLt-odk","jetpack_sharing_enabled":true,"_links":{"self":[{"href":"https:\/\/eldiariodesanpedro.com.ar\/sitio\/wp-json\/wp\/v2\/posts\/93082","targetHints":{"allow":["GET"]}}],"collection":[{"href":"https:\/\/eldiariodesanpedro.com.ar\/sitio\/wp-json\/wp\/v2\/posts"}],"about":[{"href":"https:\/\/eldiariodesanpedro.com.ar\/sitio\/wp-json\/wp\/v2\/types\/post"}],"author":[{"embeddable":true,"href":"https:\/\/eldiariodesanpedro.com.ar\/sitio\/wp-json\/wp\/v2\/users\/4"}],"replies":[{"embeddable":true,"href":"https:\/\/eldiariodesanpedro.com.ar\/sitio\/wp-json\/wp\/v2\/comments?post=93082"}],"version-history":[{"count":1,"href":"https:\/\/eldiariodesanpedro.com.ar\/sitio\/wp-json\/wp\/v2\/posts\/93082\/revisions"}],"predecessor-version":[{"id":93084,"href":"https:\/\/eldiariodesanpedro.com.ar\/sitio\/wp-json\/wp\/v2\/posts\/93082\/revisions\/93084"}],"wp:featuredmedia":[{"embeddable":true,"href":"https:\/\/eldiariodesanpedro.com.ar\/sitio\/wp-json\/wp\/v2\/media\/93083"}],"wp:attachment":[{"href":"https:\/\/eldiariodesanpedro.com.ar\/sitio\/wp-json\/wp\/v2\/media?parent=93082"}],"wp:term":[{"taxonomy":"category","embeddable":true,"href":"https:\/\/eldiariodesanpedro.com.ar\/sitio\/wp-json\/wp\/v2\/categories?post=93082"},{"taxonomy":"post_tag","embeddable":true,"href":"https:\/\/eldiariodesanpedro.com.ar\/sitio\/wp-json\/wp\/v2\/tags?post=93082"}],"curies":[{"name":"wp","href":"https:\/\/api.w.org\/{rel}","templated":true}]}}