{"id":93079,"date":"2021-05-24T19:51:50","date_gmt":"2021-05-24T22:51:50","guid":{"rendered":"https:\/\/eldiariodesanpedro.com.ar\/sitio\/?p=93079"},"modified":"2021-05-24T19:51:55","modified_gmt":"2021-05-24T22:51:55","slug":"campana-anduvo-varios-kilometros-en-contramano-por-la-panamericana-en-total-estado-de-ebriedad","status":"publish","type":"post","link":"https:\/\/eldiariodesanpedro.com.ar\/sitio\/campana-anduvo-varios-kilometros-en-contramano-por-la-panamericana-en-total-estado-de-ebriedad\/","title":{"rendered":"CAMPANA | Anduvo varios kil\u00f3metros en contramano por la panamericana en total estado de ebriedad"},"content":{"rendered":"<!-- VideographyWP Plugin Message: Automatic video embedding prevented by plugin options. -->\n\n<p>Un automovilista en total estado de ebriedad circul\u00f3 durante varios kil\u00f3metros en contramano por la Ruta 9. El hecho se produjo esta noche, cuando un sujeto a bordo de un Toyota Corolla tom\u00f3 la mano contraria a la altura del puente de Otamendi y fue detenido tras un operativo conjunto del Comando de Patrullas y el Comando Rural.<\/p>\n\n\n\n<p>Posteriormente se convoc\u00f3 a personal de la Direcci\u00f3n de Tr\u00e1nsito del municipio para que le realizara el test de alcoholemia. El sujeto se encontraba tan ebrio que no pudo soplar la pipeta para test.<\/p>\n\n\n\n<p>Fue demorado y su auto secuestrado.<\/p>\n\n\n\n<p>Fuente: <a href=\"https:\/\/infozc.com\/2021\/05\/23\/anduvo-varios-kilometros-en-contramano-por-la-panamericana-en-total-estado-de-ebriedad\/\">InfoZC<\/a><\/p>\n","protected":false},"excerpt":{"rendered":"<p>Un automovilista en total estado de ebriedad circul\u00f3 durante varios kil\u00f3metros en contramano por la Ruta 9. El hecho se produjo esta noche, cuando un sujeto a bordo de un Toyota Corolla tom\u00f3 la mano contraria a la altura del puente de Otamendi y fue detenido tras un operativo conjunto del Comando de Patrullas y [&hellip;]<\/p>\n","protected":false},"author":4,"featured_media":93080,"comment_status":"open","ping_status":"closed","sticky":false,"template":"","format":"standard","meta":{"om_disable_all_campaigns":false,"_jetpack_memberships_contains_paid_content":false,"footnotes":""},"categories":[621],"tags":[],"class_list":["post-93079","post","type-post","status-publish","format-standard","has-post-thumbnail","hentry","category-regionales"],"aioseo_notices":[],"gutentor_comment":0,"jetpack_featured_media_url":"https:\/\/eldiariodesanpedro.com.ar\/sitio\/wp-content\/uploads\/2021\/05\/auto2.jpg","jetpack_shortlink":"https:\/\/wp.me\/p6RhLt-odh","jetpack_sharing_enabled":true,"_links":{"self":[{"href":"https:\/\/eldiariodesanpedro.com.ar\/sitio\/wp-json\/wp\/v2\/posts\/93079","targetHints":{"allow":["GET"]}}],"collection":[{"href":"https:\/\/eldiariodesanpedro.com.ar\/sitio\/wp-json\/wp\/v2\/posts"}],"about":[{"href":"https:\/\/eldiariodesanpedro.com.ar\/sitio\/wp-json\/wp\/v2\/types\/post"}],"author":[{"embeddable":true,"href":"https:\/\/eldiariodesanpedro.com.ar\/sitio\/wp-json\/wp\/v2\/users\/4"}],"replies":[{"embeddable":true,"href":"https:\/\/eldiariodesanpedro.com.ar\/sitio\/wp-json\/wp\/v2\/comments?post=93079"}],"version-history":[{"count":1,"href":"https:\/\/eldiariodesanpedro.com.ar\/sitio\/wp-json\/wp\/v2\/posts\/93079\/revisions"}],"predecessor-version":[{"id":93081,"href":"https:\/\/eldiariodesanpedro.com.ar\/sitio\/wp-json\/wp\/v2\/posts\/93079\/revisions\/93081"}],"wp:featuredmedia":[{"embeddable":true,"href":"https:\/\/eldiariodesanpedro.com.ar\/sitio\/wp-json\/wp\/v2\/media\/93080"}],"wp:attachment":[{"href":"https:\/\/eldiariodesanpedro.com.ar\/sitio\/wp-json\/wp\/v2\/media?parent=93079"}],"wp:term":[{"taxonomy":"category","embeddable":true,"href":"https:\/\/eldiariodesanpedro.com.ar\/sitio\/wp-json\/wp\/v2\/categories?post=93079"},{"taxonomy":"post_tag","embeddable":true,"href":"https:\/\/eldiariodesanpedro.com.ar\/sitio\/wp-json\/wp\/v2\/tags?post=93079"}],"curies":[{"name":"wp","href":"https:\/\/api.w.org\/{rel}","templated":true}]}}