{"id":93070,"date":"2021-05-24T18:25:26","date_gmt":"2021-05-24T21:25:26","guid":{"rendered":"https:\/\/eldiariodesanpedro.com.ar\/sitio\/?p=93070"},"modified":"2021-05-24T18:25:30","modified_gmt":"2021-05-24T21:25:30","slug":"baradero-coronavirus-fallecio-guillermo-guilanea-funcionario-del-gobierno-actual","status":"publish","type":"post","link":"https:\/\/eldiariodesanpedro.com.ar\/sitio\/baradero-coronavirus-fallecio-guillermo-guilanea-funcionario-del-gobierno-actual\/","title":{"rendered":"BARADERO | Coronavirus: falleci\u00f3 Guillermo Guilanea funcionario del gobierno actual"},"content":{"rendered":"<!-- VideographyWP Plugin Message: Automatic video embedding prevented by plugin options. -->\n\n<p>El funcionario p\u00fablico estaba transitando la enfermedad desde hace 14 d\u00edas y se encontraba internado en el Hospital. En el d\u00eda de ayer se complic\u00f3 su cuadro cl\u00ednico y debi\u00f3 ser trasladado hacia la UOM de San Nicol\u00e1s, lugar en donde se produjo su deceso en horas de la noche.<\/p>\n\n\n\n<p>Carlos Baliela, el Subsecretario de Salud, inform\u00f3 que enviaron su muestra hacia el Instituto Malbran para ser analizada y ver si corresponde a alguna variante del virus.<\/p>\n\n\n\n<p>Adem\u00e1s, Carlos agreg\u00f3 que el Subsecretario de Servicios P\u00fablicos hab\u00eda recibido la primera dosis de la vacuna contra el coronavirus.<\/p>\n\n\n\n<p>Fuente: Tu Linea Directa<\/p>\n\n\n\n<p><a href=\"https:\/\/tulineadirecta.com\/author\/tulineadirecta1\/\"><\/a><\/p>\n","protected":false},"excerpt":{"rendered":"<p>El funcionario p\u00fablico estaba transitando la enfermedad desde hace 14 d\u00edas y se encontraba internado en el Hospital. En el d\u00eda de ayer se complic\u00f3 su cuadro cl\u00ednico y debi\u00f3 ser trasladado hacia la UOM de San Nicol\u00e1s, lugar en donde se produjo su deceso en horas de la noche. Carlos Baliela, el Subsecretario de [&hellip;]<\/p>\n","protected":false},"author":4,"featured_media":93071,"comment_status":"open","ping_status":"closed","sticky":false,"template":"","format":"standard","meta":{"om_disable_all_campaigns":false,"_jetpack_memberships_contains_paid_content":false,"footnotes":""},"categories":[621],"tags":[],"class_list":["post-93070","post","type-post","status-publish","format-standard","has-post-thumbnail","hentry","category-regionales"],"aioseo_notices":[],"gutentor_comment":0,"jetpack_featured_media_url":"https:\/\/eldiariodesanpedro.com.ar\/sitio\/wp-content\/uploads\/2021\/05\/guillermo-guilanea.jpg","jetpack_shortlink":"https:\/\/wp.me\/p6RhLt-od8","jetpack_sharing_enabled":true,"_links":{"self":[{"href":"https:\/\/eldiariodesanpedro.com.ar\/sitio\/wp-json\/wp\/v2\/posts\/93070","targetHints":{"allow":["GET"]}}],"collection":[{"href":"https:\/\/eldiariodesanpedro.com.ar\/sitio\/wp-json\/wp\/v2\/posts"}],"about":[{"href":"https:\/\/eldiariodesanpedro.com.ar\/sitio\/wp-json\/wp\/v2\/types\/post"}],"author":[{"embeddable":true,"href":"https:\/\/eldiariodesanpedro.com.ar\/sitio\/wp-json\/wp\/v2\/users\/4"}],"replies":[{"embeddable":true,"href":"https:\/\/eldiariodesanpedro.com.ar\/sitio\/wp-json\/wp\/v2\/comments?post=93070"}],"version-history":[{"count":1,"href":"https:\/\/eldiariodesanpedro.com.ar\/sitio\/wp-json\/wp\/v2\/posts\/93070\/revisions"}],"predecessor-version":[{"id":93072,"href":"https:\/\/eldiariodesanpedro.com.ar\/sitio\/wp-json\/wp\/v2\/posts\/93070\/revisions\/93072"}],"wp:featuredmedia":[{"embeddable":true,"href":"https:\/\/eldiariodesanpedro.com.ar\/sitio\/wp-json\/wp\/v2\/media\/93071"}],"wp:attachment":[{"href":"https:\/\/eldiariodesanpedro.com.ar\/sitio\/wp-json\/wp\/v2\/media?parent=93070"}],"wp:term":[{"taxonomy":"category","embeddable":true,"href":"https:\/\/eldiariodesanpedro.com.ar\/sitio\/wp-json\/wp\/v2\/categories?post=93070"},{"taxonomy":"post_tag","embeddable":true,"href":"https:\/\/eldiariodesanpedro.com.ar\/sitio\/wp-json\/wp\/v2\/tags?post=93070"}],"curies":[{"name":"wp","href":"https:\/\/api.w.org\/{rel}","templated":true}]}}