{"id":93068,"date":"2021-05-24T18:21:22","date_gmt":"2021-05-24T21:21:22","guid":{"rendered":"https:\/\/eldiariodesanpedro.com.ar\/sitio\/?p=93068"},"modified":"2021-05-24T18:21:27","modified_gmt":"2021-05-24T21:21:27","slug":"anses-solo-atendera-por-turno","status":"publish","type":"post","link":"https:\/\/eldiariodesanpedro.com.ar\/sitio\/anses-solo-atendera-por-turno\/","title":{"rendered":"Anses solo atender\u00e1 por turno"},"content":{"rendered":"<!-- VideographyWP Plugin Message: Automatic video embedding prevented by plugin options. -->\n\n<p>ANSES es un Organismo Esencial, por lo tanto seguiremos trabajando para dar respuestas a nuestros vecinos y vecinas.<\/p>\n\n\n\n<p>Informamos que en el marco del Confinamiento Obligatorio decretado por nuestro Presidente, que regir\u00e1 hasta el 31 de mayo, en las UDAI y OFICINAS de ANSES s\u00f3lo se atender\u00e1 con turnos pre asignados por la Pagina Web www.anses.gob.ar . Es decir que no se atender\u00e1 al p\u00fablico espont\u00e1neo hasta tanto est\u00e9n dadas las condiciones sociales y sanitarias adecuadas para poder hacerlo.<\/p>\n\n\n\n<p>Recordamos a nuestros beneficiarios y beneficiarias que pueden hacer sus consultas y tr\u00e1mites por nuestro Nuevo Sistema de Atenci\u00f3n Virtual.<\/p>\n\n\n\n<p>&#x1f449;&#x1f3fb; A trav\u00e9s de la #Atenci\u00f3nVirtual de #ANSES pod\u00e9s iniciar tu jubilaci\u00f3n, pensi\u00f3n, actualizar tus datos personales, nombrar un apoderado, solicitar Asignaciones Familiares y realizar much\u00edsimos tr\u00e1mites m\u00e1s.<br>&#x1f4f2; Ingres\u00e1 en anses.gob.ar y eleg\u00ed la opci\u00f3n Atenci\u00f3n Virtual para recibir asesoramiento e iniciar tus tr\u00e1mites.<br>#Segu\u00edCuid\u00e1ndote &#x1f637;<\/p>\n","protected":false},"excerpt":{"rendered":"<p>ANSES es un Organismo Esencial, por lo tanto seguiremos trabajando para dar respuestas a nuestros vecinos y vecinas. Informamos que en el marco del Confinamiento Obligatorio decretado por nuestro Presidente, que regir\u00e1 hasta el 31 de mayo, en las UDAI y OFICINAS de ANSES s\u00f3lo se atender\u00e1 con turnos pre asignados por la Pagina Web [&hellip;]<\/p>\n","protected":false},"author":4,"featured_media":73726,"comment_status":"open","ping_status":"closed","sticky":false,"template":"","format":"standard","meta":{"om_disable_all_campaigns":false,"_jetpack_memberships_contains_paid_content":false,"footnotes":""},"categories":[101,2],"tags":[],"class_list":["post-93068","post","type-post","status-publish","format-standard","has-post-thumbnail","hentry","category-interes-general-locales","category-locales"],"aioseo_notices":[],"gutentor_comment":0,"jetpack_featured_media_url":"https:\/\/eldiariodesanpedro.com.ar\/sitio\/wp-content\/uploads\/2020\/05\/2020-05-14-1.jpg","jetpack_shortlink":"https:\/\/wp.me\/p6RhLt-od6","jetpack_sharing_enabled":true,"_links":{"self":[{"href":"https:\/\/eldiariodesanpedro.com.ar\/sitio\/wp-json\/wp\/v2\/posts\/93068","targetHints":{"allow":["GET"]}}],"collection":[{"href":"https:\/\/eldiariodesanpedro.com.ar\/sitio\/wp-json\/wp\/v2\/posts"}],"about":[{"href":"https:\/\/eldiariodesanpedro.com.ar\/sitio\/wp-json\/wp\/v2\/types\/post"}],"author":[{"embeddable":true,"href":"https:\/\/eldiariodesanpedro.com.ar\/sitio\/wp-json\/wp\/v2\/users\/4"}],"replies":[{"embeddable":true,"href":"https:\/\/eldiariodesanpedro.com.ar\/sitio\/wp-json\/wp\/v2\/comments?post=93068"}],"version-history":[{"count":1,"href":"https:\/\/eldiariodesanpedro.com.ar\/sitio\/wp-json\/wp\/v2\/posts\/93068\/revisions"}],"predecessor-version":[{"id":93069,"href":"https:\/\/eldiariodesanpedro.com.ar\/sitio\/wp-json\/wp\/v2\/posts\/93068\/revisions\/93069"}],"wp:featuredmedia":[{"embeddable":true,"href":"https:\/\/eldiariodesanpedro.com.ar\/sitio\/wp-json\/wp\/v2\/media\/73726"}],"wp:attachment":[{"href":"https:\/\/eldiariodesanpedro.com.ar\/sitio\/wp-json\/wp\/v2\/media?parent=93068"}],"wp:term":[{"taxonomy":"category","embeddable":true,"href":"https:\/\/eldiariodesanpedro.com.ar\/sitio\/wp-json\/wp\/v2\/categories?post=93068"},{"taxonomy":"post_tag","embeddable":true,"href":"https:\/\/eldiariodesanpedro.com.ar\/sitio\/wp-json\/wp\/v2\/tags?post=93068"}],"curies":[{"name":"wp","href":"https:\/\/api.w.org\/{rel}","templated":true}]}}