{"id":93052,"date":"2021-05-24T17:50:06","date_gmt":"2021-05-24T20:50:06","guid":{"rendered":"https:\/\/eldiariodesanpedro.com.ar\/sitio\/?p=93052"},"modified":"2021-05-24T17:50:09","modified_gmt":"2021-05-24T20:50:09","slug":"asamblea-general-ordinaria-club-atletico-mitre","status":"publish","type":"post","link":"https:\/\/eldiariodesanpedro.com.ar\/sitio\/asamblea-general-ordinaria-club-atletico-mitre\/","title":{"rendered":"Asamblea General Ordinaria Club Atl\u00e9tico Mitre"},"content":{"rendered":"<!-- VideographyWP Plugin Message: Automatic video embedding prevented by plugin options. -->\n\n<p>Conv\u00f3quese a los se\u00f1ores socios del Club Atl\u00e9tico Mitre a la Asamblea General Ordinaria que se llevar\u00e1 acabo el d\u00eda 24 de junio del corriente a\u00f1o, a las 17 horas en el Predio del Club Mitre sito en calle Caseros 1795 de nuestra ciudad, consider\u00e1ndose el siguiente:<\/p>\n\n\n\n<p>Orden del d\u00eda:<br><em>1.\u00a0\u00a0\u00a0\u00a0\u00a0\u00a0Justificaci\u00f3n sobre la realizaci\u00f3n de la Asamblea fuera de t\u00e9rmino.<\/em><br><em>2.\u00a0\u00a0\u00a0\u00a0\u00a0\u00a0Designaci\u00f3n de 2 (dos) asociados para que firmen el acta en representaci\u00f3n de los asamble\u00edstas conjuntamente con el presidente y secretario de la asamblea.<\/em><br><em>3.\u00a0\u00a0\u00a0\u00a0\u00a0\u00a0Lectura de la memoria donde estar\u00e1 detallado lo realizado por la comisi\u00f3n directiva durante el a\u00f1o de gesti\u00f3n,\u00a0correspondiente al ejercicio N\u00ba 73.<\/em><br><em>4.\u00a0\u00a0\u00a0\u00a0\u00a0\u00a0Consideraci\u00f3n del balance general, correspondiente al ejercicio N\u00ba 73, que va desde 1 de octubre de 2019 al 30 de septiembre de 2020. (art\u00edculo 62 del estatuto social).<\/em><br><em>5.\u00a0\u00a0\u00a0\u00a0\u00a0\u00a0Fijaci\u00f3n de cuotas mensuales y de ingreso para todas las categor\u00edas.<\/em><br><em>6.\u00a0\u00a0\u00a0\u00a0\u00a0\u00a0Elecci\u00f3n y proclamaci\u00f3n de los siguientes miembros de la comisi\u00f3n directiva y revisores de cuenta:<\/em><br>\u2713\u00a0Vicepresidente por 2 a\u00f1os por finalizaci\u00f3n del mandato del se\u00f1or Mauricio Barros.<br>\u2713\u00a0Secretario por 1 a\u00f1o por finalizaci\u00f3n del reemplazo al se\u00f1or Javier S\u00e1nchez (renuncia) cubierto por Ignacio Ber\u00f3n elegido como Prosecretario en anterior asamblea.<br>\u25e6 Pro secretario por 2 a\u00f1os Por finalizaci\u00f3n del reemplazo del se\u00f1or Ignacio Ber\u00f3n (quien reemplazara al secretario Javier S\u00e1nchez por renuncia) cubierto por Adri\u00e1n Ramis elegido en la anterior asamblea como 1er vocal titular.<br>\u2713\u00a0Tesorero por 1 a\u00f1o por finalizaci\u00f3n del reemplazo al se\u00f1or Manuel Gajate (renuncia) quien fue reemplazado por Hern\u00e1n Dubini protesorero elegido en la anterior asamblea.<br>\u25e6 Pro tesorero por 2 a\u00f1os Por finalizaci\u00f3n del reemplazo del se\u00f1or Hern\u00e1n Dubini (quien reemplazara al tesorero Manuel Gajate por renuncia) cubierto por Mateo Gomez elegido en la anterior asamblea como 2do vocal titular.<br>\u25e6 Tres vocales titulares por 2 a\u00f1os: Por renuncia del se\u00f1or Martin O\u00f1a y por finalizaci\u00f3n del mandato de Walter Sanchez, Ariel Adrover. \u2013<br>\u25e6 1 Vocal Titular por 1 a\u00f1o por el fallecimiento del se\u00f1or Egidio Alfredo Fuertes.\u00a0\u00a0\u00a0\u00a0\u00a0\u00a0\u00a0\u00a0\u00a0\u00a0\u00a0\u00a0\u00a0\u00a0\u00a0\u00a0\u00a0\u00a0\u00a0\u00a0\u00a0\u00a0\u00a0\u00a0\u00a0\u00a0\u00a0\u00a0\u00a0\u00a0\u00a0\u00a0\u00a0\u00a0\u00a0\u00a0\u00a0\u00a0\u00a0\u00a0\u00a0\u00a0\u00a0\u00a0\u00a0\u00a0\u00a0\u00a0\u00a0\u00a0\u00a0\u00a0\u00a0\u00a0\u00a0\u00a0\u00a0 (Aclaraci\u00f3n: Mateo Gomez y Adri\u00e1n Ramis vuelven a sus cargos de origen 1er y 2do vocal titular)<br>\u2713\u00a0Seis vocales suplentes por 1 a\u00f1o por finalizaci\u00f3n del mandato de Estela P\u00e9rez, Juan Gazzolo (fallecido) German Cod\u00f3, \u00c1ngel Boccardo y dos lugares vacantes que se originaron por el corrimiento de los vocales con el fin de cubrir las imprevistas renuncias.<br>\u25e6 Tres revisores de cuenta por 1 a\u00f1o por finalizaci\u00f3n del mandato de los se\u00f1ores Rub\u00e9n Cabrera, Marcelo Ramis, Carlos Mohr.-<br><em>7.\u00a0\u00a0\u00a0\u00a0Recuento de votos y proclamaci\u00f3n de los efectos.\u00a0<\/em><\/p>\n\n\n\n<p>Art.: 69 Si transcurrida 1 hora de la hora fijada en la convocatoria no se consigue quorum la Asamblea se constituir\u00e1 con la presencia de los socios presentes, siempre y cuando su n\u00famero sea igual o mayor a de los miembros titulares de la Comisi\u00f3n Directiva. (Art\u00edculos 68 y 69 del Estatuto Social).<\/p>\n\n\n\n<p>IGNACIO BER\u00d3N &#8211; Secretario<br>ESTELA OLIVEROS &#8211; Presidente<\/p>\n","protected":false},"excerpt":{"rendered":"<p>Conv\u00f3quese a los se\u00f1ores socios del Club Atl\u00e9tico Mitre a la Asamblea General Ordinaria que se llevar\u00e1 acabo el d\u00eda 24 de junio del corriente a\u00f1o, a las 17 horas en el Predio del Club Mitre sito en calle Caseros 1795 de nuestra ciudad, consider\u00e1ndose el siguiente: Orden del d\u00eda:1.\u00a0\u00a0\u00a0\u00a0\u00a0\u00a0Justificaci\u00f3n sobre la realizaci\u00f3n de la [&hellip;]<\/p>\n","protected":false},"author":4,"featured_media":93053,"comment_status":"open","ping_status":"closed","sticky":false,"template":"","format":"standard","meta":{"om_disable_all_campaigns":false,"_jetpack_memberships_contains_paid_content":false,"footnotes":""},"categories":[678,676],"tags":[],"class_list":["post-93052","post","type-post","status-publish","format-standard","has-post-thumbnail","hentry","category-convocatorias","category-edictos"],"aioseo_notices":[],"gutentor_comment":0,"jetpack_featured_media_url":"https:\/\/eldiariodesanpedro.com.ar\/sitio\/wp-content\/uploads\/2021\/05\/Club-Atletico-Mitre-mayo-2021.jpg","jetpack_shortlink":"https:\/\/wp.me\/p6RhLt-ocQ","jetpack_sharing_enabled":true,"_links":{"self":[{"href":"https:\/\/eldiariodesanpedro.com.ar\/sitio\/wp-json\/wp\/v2\/posts\/93052","targetHints":{"allow":["GET"]}}],"collection":[{"href":"https:\/\/eldiariodesanpedro.com.ar\/sitio\/wp-json\/wp\/v2\/posts"}],"about":[{"href":"https:\/\/eldiariodesanpedro.com.ar\/sitio\/wp-json\/wp\/v2\/types\/post"}],"author":[{"embeddable":true,"href":"https:\/\/eldiariodesanpedro.com.ar\/sitio\/wp-json\/wp\/v2\/users\/4"}],"replies":[{"embeddable":true,"href":"https:\/\/eldiariodesanpedro.com.ar\/sitio\/wp-json\/wp\/v2\/comments?post=93052"}],"version-history":[{"count":1,"href":"https:\/\/eldiariodesanpedro.com.ar\/sitio\/wp-json\/wp\/v2\/posts\/93052\/revisions"}],"predecessor-version":[{"id":93054,"href":"https:\/\/eldiariodesanpedro.com.ar\/sitio\/wp-json\/wp\/v2\/posts\/93052\/revisions\/93054"}],"wp:featuredmedia":[{"embeddable":true,"href":"https:\/\/eldiariodesanpedro.com.ar\/sitio\/wp-json\/wp\/v2\/media\/93053"}],"wp:attachment":[{"href":"https:\/\/eldiariodesanpedro.com.ar\/sitio\/wp-json\/wp\/v2\/media?parent=93052"}],"wp:term":[{"taxonomy":"category","embeddable":true,"href":"https:\/\/eldiariodesanpedro.com.ar\/sitio\/wp-json\/wp\/v2\/categories?post=93052"},{"taxonomy":"post_tag","embeddable":true,"href":"https:\/\/eldiariodesanpedro.com.ar\/sitio\/wp-json\/wp\/v2\/tags?post=93052"}],"curies":[{"name":"wp","href":"https:\/\/api.w.org\/{rel}","templated":true}]}}