{"id":93049,"date":"2021-05-23T16:50:15","date_gmt":"2021-05-23T19:50:15","guid":{"rendered":"https:\/\/eldiariodesanpedro.com.ar\/sitio\/?p=93049"},"modified":"2021-05-23T16:50:16","modified_gmt":"2021-05-23T19:50:16","slug":"primer-domingo-y-segundo-dia-de-confinamiento-con-mucho-movimiento-en-automoviles-en-la-zona-costanera","status":"publish","type":"post","link":"https:\/\/eldiariodesanpedro.com.ar\/sitio\/primer-domingo-y-segundo-dia-de-confinamiento-con-mucho-movimiento-en-automoviles-en-la-zona-costanera\/","title":{"rendered":"Primer domingo y segundo d\u00eda de confinamiento con mucho movimiento en autom\u00f3viles en la zona costanera"},"content":{"rendered":"<!-- VideographyWP Plugin Message: Automatic video embedding prevented by plugin options. -->\n\n<p>Hoy es el primer domingo de confinamiento anteriores a los dos d\u00edas feriados del 24 y 25 , en la zona costanera y zona c\u00e9ntrica se pudo apreciar un gran movimiento de autom\u00f3viles que no esta permitido teniendo en cuenta que solo se permite la circulaci\u00f3n de personas caminado, haciendo ejercicio o para la compra de mercader\u00eda en los lugares pr\u00f3ximos a los domicilios.<\/p>\n\n\n\n<p>El clima, al igual que ayer, colaboro a que el movimiento no sea aun mayor a pesar de salir el sol de a momentos.<\/p>\n\n\n\n<iframe data-src=\"https:\/\/www.facebook.com\/plugins\/post.php?href=https%3A%2F%2Fwww.facebook.com%2Feldiario.desanpedro%2Fposts%2F1567075396834927&#038;show_text=true&#038;width=500\" width=\"500\" height=\"702\" style=\"border:none;overflow:hidden\" scrolling=\"no\" frameborder=\"0\" allowfullscreen=\"true\" allow=\"autoplay; clipboard-write; encrypted-media; picture-in-picture; web-share\" src=\"data:image\/svg+xml;base64,PHN2ZyB3aWR0aD0iMSIgaGVpZ2h0PSIxIiB4bWxucz0iaHR0cDovL3d3dy53My5vcmcvMjAwMC9zdmciPjwvc3ZnPg==\" class=\"lazyload\" data-load-mode=\"1\"><\/iframe>\n","protected":false},"excerpt":{"rendered":"<p>Hoy es el primer domingo de confinamiento anteriores a los dos d\u00edas feriados del 24 y 25 , en la zona costanera y zona c\u00e9ntrica se pudo apreciar un gran movimiento de autom\u00f3viles que no esta permitido teniendo en cuenta que solo se permite la circulaci\u00f3n de personas caminado, haciendo ejercicio o para la compra [&hellip;]<\/p>\n","protected":false},"author":4,"featured_media":93050,"comment_status":"open","ping_status":"closed","sticky":false,"template":"","format":"standard","meta":{"om_disable_all_campaigns":false,"_jetpack_memberships_contains_paid_content":false,"footnotes":""},"categories":[2],"tags":[],"class_list":["post-93049","post","type-post","status-publish","format-standard","has-post-thumbnail","hentry","category-locales"],"aioseo_notices":[],"gutentor_comment":0,"jetpack_featured_media_url":"https:\/\/eldiariodesanpedro.com.ar\/sitio\/wp-content\/uploads\/2021\/05\/WhatsApp-Image-2021-05-23-at-16.31.05-4.jpeg","jetpack_shortlink":"https:\/\/wp.me\/p6RhLt-ocN","jetpack_sharing_enabled":true,"_links":{"self":[{"href":"https:\/\/eldiariodesanpedro.com.ar\/sitio\/wp-json\/wp\/v2\/posts\/93049","targetHints":{"allow":["GET"]}}],"collection":[{"href":"https:\/\/eldiariodesanpedro.com.ar\/sitio\/wp-json\/wp\/v2\/posts"}],"about":[{"href":"https:\/\/eldiariodesanpedro.com.ar\/sitio\/wp-json\/wp\/v2\/types\/post"}],"author":[{"embeddable":true,"href":"https:\/\/eldiariodesanpedro.com.ar\/sitio\/wp-json\/wp\/v2\/users\/4"}],"replies":[{"embeddable":true,"href":"https:\/\/eldiariodesanpedro.com.ar\/sitio\/wp-json\/wp\/v2\/comments?post=93049"}],"version-history":[{"count":1,"href":"https:\/\/eldiariodesanpedro.com.ar\/sitio\/wp-json\/wp\/v2\/posts\/93049\/revisions"}],"predecessor-version":[{"id":93051,"href":"https:\/\/eldiariodesanpedro.com.ar\/sitio\/wp-json\/wp\/v2\/posts\/93049\/revisions\/93051"}],"wp:featuredmedia":[{"embeddable":true,"href":"https:\/\/eldiariodesanpedro.com.ar\/sitio\/wp-json\/wp\/v2\/media\/93050"}],"wp:attachment":[{"href":"https:\/\/eldiariodesanpedro.com.ar\/sitio\/wp-json\/wp\/v2\/media?parent=93049"}],"wp:term":[{"taxonomy":"category","embeddable":true,"href":"https:\/\/eldiariodesanpedro.com.ar\/sitio\/wp-json\/wp\/v2\/categories?post=93049"},{"taxonomy":"post_tag","embeddable":true,"href":"https:\/\/eldiariodesanpedro.com.ar\/sitio\/wp-json\/wp\/v2\/tags?post=93049"}],"curies":[{"name":"wp","href":"https:\/\/api.w.org\/{rel}","templated":true}]}}