{"id":93046,"date":"2021-05-23T15:23:28","date_gmt":"2021-05-23T18:23:28","guid":{"rendered":"https:\/\/eldiariodesanpedro.com.ar\/sitio\/?p=93046"},"modified":"2021-05-23T15:23:32","modified_gmt":"2021-05-23T18:23:32","slug":"comunicado-del-bcra-atencion-de-los-bancos-en-la-semana-del-24-al-28-de-mayo","status":"publish","type":"post","link":"https:\/\/eldiariodesanpedro.com.ar\/sitio\/comunicado-del-bcra-atencion-de-los-bancos-en-la-semana-del-24-al-28-de-mayo\/","title":{"rendered":"Comunicado del BCRA: Atenci\u00f3n de los Bancos en la semana del 24 al 28 de mayo"},"content":{"rendered":"<!-- VideographyWP Plugin Message: Automatic video embedding prevented by plugin options. -->\n\n<p>Mediante un comunicado oficial emitido por el BCRA (Banco Central de la Rep\u00fablica Argentina) se dio a conocer que las sucursales permanecer\u00e1n cerradas durante los feriados del 24 y 25 de mayo y abrir\u00e1n para la atenci\u00f3n con turno los d\u00edas 26, 27 y 28 de mayo.<\/p>\n\n\n\n<p>Se mantendr\u00e1 la atenci\u00f3n por ventanilla para el pago de haberes de jubilados y pensionados, y con turno para el resto de las operaciones.<\/p>\n\n\n\n<p>El turno para acceder a la sucursal se obtiene por los canales digitales o telef\u00f3nicos que los bancos ponen a disposici\u00f3n de los clientes.<\/p>\n\n\n\n<p>Las entidades garantizar\u00e1n la reposici\u00f3n de los cajeros autom\u00e1ticos y el funcionamiento de las terminales de autoservicio.<\/p>\n\n\n\n<p>Durante todo el per\u00edodo, se recomienda el uso de los canales digitales y los pagos a trav\u00e9s de medios electr\u00f3nicos.<\/p>\n\n\n\n<p>El comprobante que las entidades entreguen sirve como permiso de circulaci\u00f3n y se solicitar\u00e1 para ingresar al banco.<\/p>\n\n\n\n<p>Los cajeros autom\u00e1ticos tienen la obligaci\u00f3n de expender como m\u00ednimo hasta $ 15.000 por d\u00eda y en una \u00fanica operaci\u00f3n, si el cliente as\u00ed lo quisiera.<\/p>\n\n\n\n<p>Las empresas de cobro de servicio mantendr\u00e1n su operaci\u00f3n cumpliendo las normas que garanticen la seguridad sanitaria de sus empleados y clientes.<\/p>\n","protected":false},"excerpt":{"rendered":"<p>Mediante un comunicado oficial emitido por el BCRA (Banco Central de la Rep\u00fablica Argentina) se dio a conocer que las sucursales permanecer\u00e1n cerradas durante los feriados del 24 y 25 de mayo y abrir\u00e1n para la atenci\u00f3n con turno los d\u00edas 26, 27 y 28 de mayo. Se mantendr\u00e1 la atenci\u00f3n por ventanilla para el [&hellip;]<\/p>\n","protected":false},"author":4,"featured_media":93047,"comment_status":"open","ping_status":"closed","sticky":false,"template":"","format":"standard","meta":{"om_disable_all_campaigns":false,"_jetpack_memberships_contains_paid_content":false,"footnotes":""},"categories":[621],"tags":[],"class_list":["post-93046","post","type-post","status-publish","format-standard","has-post-thumbnail","hentry","category-regionales"],"aioseo_notices":[],"gutentor_comment":0,"jetpack_featured_media_url":"https:\/\/eldiariodesanpedro.com.ar\/sitio\/wp-content\/uploads\/2021\/05\/20210522014657.jpg","jetpack_shortlink":"https:\/\/wp.me\/p6RhLt-ocK","jetpack_sharing_enabled":true,"_links":{"self":[{"href":"https:\/\/eldiariodesanpedro.com.ar\/sitio\/wp-json\/wp\/v2\/posts\/93046","targetHints":{"allow":["GET"]}}],"collection":[{"href":"https:\/\/eldiariodesanpedro.com.ar\/sitio\/wp-json\/wp\/v2\/posts"}],"about":[{"href":"https:\/\/eldiariodesanpedro.com.ar\/sitio\/wp-json\/wp\/v2\/types\/post"}],"author":[{"embeddable":true,"href":"https:\/\/eldiariodesanpedro.com.ar\/sitio\/wp-json\/wp\/v2\/users\/4"}],"replies":[{"embeddable":true,"href":"https:\/\/eldiariodesanpedro.com.ar\/sitio\/wp-json\/wp\/v2\/comments?post=93046"}],"version-history":[{"count":1,"href":"https:\/\/eldiariodesanpedro.com.ar\/sitio\/wp-json\/wp\/v2\/posts\/93046\/revisions"}],"predecessor-version":[{"id":93048,"href":"https:\/\/eldiariodesanpedro.com.ar\/sitio\/wp-json\/wp\/v2\/posts\/93046\/revisions\/93048"}],"wp:featuredmedia":[{"embeddable":true,"href":"https:\/\/eldiariodesanpedro.com.ar\/sitio\/wp-json\/wp\/v2\/media\/93047"}],"wp:attachment":[{"href":"https:\/\/eldiariodesanpedro.com.ar\/sitio\/wp-json\/wp\/v2\/media?parent=93046"}],"wp:term":[{"taxonomy":"category","embeddable":true,"href":"https:\/\/eldiariodesanpedro.com.ar\/sitio\/wp-json\/wp\/v2\/categories?post=93046"},{"taxonomy":"post_tag","embeddable":true,"href":"https:\/\/eldiariodesanpedro.com.ar\/sitio\/wp-json\/wp\/v2\/tags?post=93046"}],"curies":[{"name":"wp","href":"https:\/\/api.w.org\/{rel}","templated":true}]}}