{"id":93043,"date":"2021-05-23T15:13:04","date_gmt":"2021-05-23T18:13:04","guid":{"rendered":"https:\/\/eldiariodesanpedro.com.ar\/sitio\/?p=93043"},"modified":"2021-05-23T15:13:09","modified_gmt":"2021-05-23T18:13:09","slug":"gerardo-pelletier-no-es-el-momento-de-jugar-a-la-politica","status":"publish","type":"post","link":"https:\/\/eldiariodesanpedro.com.ar\/sitio\/gerardo-pelletier-no-es-el-momento-de-jugar-a-la-politica\/","title":{"rendered":"Gerardo Pelletier: \u201cNo es el momento de jugar a la pol\u00edtica\u201d"},"content":{"rendered":"<!-- VideographyWP Plugin Message: Automatic video embedding prevented by plugin options. -->\n\n<p>El concejal de Juntos por el Cambio habl\u00f3 de la actualidad del Pro y de c\u00f3mo se han posicionado algunos referentes en nuestra ciudad.<\/p>\n\n\n\n<p>El Pro San Pedro viene desde hace ya un tiempo trabajando para reacomodarse en el mapa pol\u00edtico de la ciudad pero no todos sus referentes est\u00e1n de acuerdo con la propuesta.<\/p>\n\n\n\n<p>Uno de ellos es el concejal Gerardo Pelletier quien marc\u00f3 posici\u00f3n al respecto y se diferenci\u00f3 del sector que conform\u00f3 una mesa de trabajo hace unas semanas atr\u00e1s, la misma que emiti\u00f3 un comunicado relacionado con la situaci\u00f3n sanitaria de la ciudad.<\/p>\n\n\n\n<p>\u201cNosotros seguimos estando en Juntos por el Cambio\u201d, se\u00f1al\u00f3 Pelletier en el aire de FM G\u00e9nesis. \u201cEn un momento se resolvi\u00f3 ordenar una mesa, fuimos invitados, estuvimos en un par de reuniones con las concejales Ana Tiramonti y Natalia Claverini, y como&nbsp; no estuvimos de acuerdo con la metodolog\u00eda que pretend\u00edan implementar decidimos no formar parte de esa mesa que no tiene sustento de respaldo pol\u00edtico porque el Pro como partido en s\u00ed, est\u00e1 constituyendo mesas de trabajo pero no la formalidad que tiene el radicalismo o el justicialismo\u201d, afirm\u00f3.<\/p>\n\n\n\n<p>\u201cB\u00e1sicamente las l\u00edneas son marcadas por Diego Laface y Dami\u00e1n Lafalce, y nosotros podemos estar de acuerdo en la l\u00ednea pol\u00edtica pero no en las formas de llevar adelante el accionar pol\u00edtico, y por eso decidimos no formar parte de eso\u201d, afirm\u00f3.<\/p>\n\n\n\n<p>\u201cHace m\u00e1s de un a\u00f1o que este pa\u00eds est\u00e1 inmerso en una crisis sanitaria y nosotros como sampedrinos tenemos historias cruzadas con la p\u00e9rdida de muchos vecinos y en una situaci\u00f3n en la que estamos viviendo ahora&nbsp; cada uno tiene que cumplir el papel que le toca y en el cual fue nombrado o electo, y en lo pol\u00edtico ya tendremos el momento de hacer lo que nos toque\u201d, dijo Pelletier.<\/p>\n\n\n\n<p>\u201cHacer jueguitos en una interna descarnada en una situaci\u00f3n en la que estamos viviendo, me parece que no es el momento de jugar a la pol\u00edtica, por respeto a la gente que hemos perdidos\u201d.\u00a0<\/p>\n\n\n\n<p>Fuente: <a href=\"https:\/\/www.sanpedroinforma.com.ar\/nota\/124204\/politica\/gerardo-pelletier-no-es-el-momento-de-jugar-a-la-politica.html\">San Pedro Informa<\/a><\/p>\n","protected":false},"excerpt":{"rendered":"<p>El concejal de Juntos por el Cambio habl\u00f3 de la actualidad del Pro y de c\u00f3mo se han posicionado algunos referentes en nuestra ciudad. El Pro San Pedro viene desde hace ya un tiempo trabajando para reacomodarse en el mapa pol\u00edtico de la ciudad pero no todos sus referentes est\u00e1n de acuerdo con la propuesta. [&hellip;]<\/p>\n","protected":false},"author":4,"featured_media":93044,"comment_status":"open","ping_status":"closed","sticky":false,"template":"","format":"standard","meta":{"om_disable_all_campaigns":false,"_jetpack_memberships_contains_paid_content":false,"footnotes":""},"categories":[101,2],"tags":[],"class_list":["post-93043","post","type-post","status-publish","format-standard","has-post-thumbnail","hentry","category-interes-general-locales","category-locales"],"aioseo_notices":[],"gutentor_comment":0,"jetpack_featured_media_url":"https:\/\/eldiariodesanpedro.com.ar\/sitio\/wp-content\/uploads\/2021\/05\/000091587.jpg","jetpack_shortlink":"https:\/\/wp.me\/p6RhLt-ocH","jetpack_sharing_enabled":true,"_links":{"self":[{"href":"https:\/\/eldiariodesanpedro.com.ar\/sitio\/wp-json\/wp\/v2\/posts\/93043","targetHints":{"allow":["GET"]}}],"collection":[{"href":"https:\/\/eldiariodesanpedro.com.ar\/sitio\/wp-json\/wp\/v2\/posts"}],"about":[{"href":"https:\/\/eldiariodesanpedro.com.ar\/sitio\/wp-json\/wp\/v2\/types\/post"}],"author":[{"embeddable":true,"href":"https:\/\/eldiariodesanpedro.com.ar\/sitio\/wp-json\/wp\/v2\/users\/4"}],"replies":[{"embeddable":true,"href":"https:\/\/eldiariodesanpedro.com.ar\/sitio\/wp-json\/wp\/v2\/comments?post=93043"}],"version-history":[{"count":1,"href":"https:\/\/eldiariodesanpedro.com.ar\/sitio\/wp-json\/wp\/v2\/posts\/93043\/revisions"}],"predecessor-version":[{"id":93045,"href":"https:\/\/eldiariodesanpedro.com.ar\/sitio\/wp-json\/wp\/v2\/posts\/93043\/revisions\/93045"}],"wp:featuredmedia":[{"embeddable":true,"href":"https:\/\/eldiariodesanpedro.com.ar\/sitio\/wp-json\/wp\/v2\/media\/93044"}],"wp:attachment":[{"href":"https:\/\/eldiariodesanpedro.com.ar\/sitio\/wp-json\/wp\/v2\/media?parent=93043"}],"wp:term":[{"taxonomy":"category","embeddable":true,"href":"https:\/\/eldiariodesanpedro.com.ar\/sitio\/wp-json\/wp\/v2\/categories?post=93043"},{"taxonomy":"post_tag","embeddable":true,"href":"https:\/\/eldiariodesanpedro.com.ar\/sitio\/wp-json\/wp\/v2\/tags?post=93043"}],"curies":[{"name":"wp","href":"https:\/\/api.w.org\/{rel}","templated":true}]}}