{"id":93041,"date":"2021-05-23T15:08:01","date_gmt":"2021-05-23T18:08:01","guid":{"rendered":"https:\/\/eldiariodesanpedro.com.ar\/sitio\/?p=93041"},"modified":"2021-05-23T15:08:05","modified_gmt":"2021-05-23T18:08:05","slug":"en-el-primer-dia-de-aislamiento-se-desarticulo-una-fiesta-clandestina","status":"publish","type":"post","link":"https:\/\/eldiariodesanpedro.com.ar\/sitio\/en-el-primer-dia-de-aislamiento-se-desarticulo-una-fiesta-clandestina\/","title":{"rendered":"En el primer d\u00eda de aislamiento se desarticulo una fiesta clandestina"},"content":{"rendered":"<!-- VideographyWP Plugin Message: Automatic video embedding prevented by plugin options. -->\n\n<p>En la noche de ayer la polic\u00eda de nuestra ciudad junto con el personal de inspecci\u00f3n se hicieron presentes en una vivienda donde se realizaba una fiesta de cumplea\u00f1os.<\/p>\n\n\n\n<p>La fiesta tuvo lugar en Maino al 1900 y fue denunciada por vecinos que advirtieron varios autos estacionados en la zona y m\u00fasica fuerte.<\/p>\n\n\n\n<p>En el lugar a la llegada de los m\u00f3viles policiales se encontraban 9 personas festejando un cumplea\u00f1os, por lo que se aprehendi\u00f3 al organizador un joven de 29 a\u00f1os de edad que fue trasladado a la comisaria local donde se le informo de la causa judicial por violaci\u00f3n al articulo 205, momentos despu\u00e9s fue puesto en libertad.<\/p>\n\n\n\n<p>Mas tarde el personal de inspecci\u00f3n se volvi\u00f3 a hacer presente en el lugar por nuevas denuncias y solo encontraron a 3 personas.<\/p>\n","protected":false},"excerpt":{"rendered":"<p>En la noche de ayer la polic\u00eda de nuestra ciudad junto con el personal de inspecci\u00f3n se hicieron presentes en una vivienda donde se realizaba una fiesta de cumplea\u00f1os. La fiesta tuvo lugar en Maino al 1900 y fue denunciada por vecinos que advirtieron varios autos estacionados en la zona y m\u00fasica fuerte. En el [&hellip;]<\/p>\n","protected":false},"author":4,"featured_media":77860,"comment_status":"open","ping_status":"closed","sticky":false,"template":"","format":"standard","meta":{"om_disable_all_campaigns":false,"_jetpack_memberships_contains_paid_content":false,"footnotes":""},"categories":[2],"tags":[],"class_list":["post-93041","post","type-post","status-publish","format-standard","has-post-thumbnail","hentry","category-locales"],"aioseo_notices":[],"gutentor_comment":0,"jetpack_featured_media_url":"https:\/\/eldiariodesanpedro.com.ar\/sitio\/wp-content\/uploads\/2020\/07\/000085506.jpg","jetpack_shortlink":"https:\/\/wp.me\/p6RhLt-ocF","jetpack_sharing_enabled":true,"_links":{"self":[{"href":"https:\/\/eldiariodesanpedro.com.ar\/sitio\/wp-json\/wp\/v2\/posts\/93041","targetHints":{"allow":["GET"]}}],"collection":[{"href":"https:\/\/eldiariodesanpedro.com.ar\/sitio\/wp-json\/wp\/v2\/posts"}],"about":[{"href":"https:\/\/eldiariodesanpedro.com.ar\/sitio\/wp-json\/wp\/v2\/types\/post"}],"author":[{"embeddable":true,"href":"https:\/\/eldiariodesanpedro.com.ar\/sitio\/wp-json\/wp\/v2\/users\/4"}],"replies":[{"embeddable":true,"href":"https:\/\/eldiariodesanpedro.com.ar\/sitio\/wp-json\/wp\/v2\/comments?post=93041"}],"version-history":[{"count":1,"href":"https:\/\/eldiariodesanpedro.com.ar\/sitio\/wp-json\/wp\/v2\/posts\/93041\/revisions"}],"predecessor-version":[{"id":93042,"href":"https:\/\/eldiariodesanpedro.com.ar\/sitio\/wp-json\/wp\/v2\/posts\/93041\/revisions\/93042"}],"wp:featuredmedia":[{"embeddable":true,"href":"https:\/\/eldiariodesanpedro.com.ar\/sitio\/wp-json\/wp\/v2\/media\/77860"}],"wp:attachment":[{"href":"https:\/\/eldiariodesanpedro.com.ar\/sitio\/wp-json\/wp\/v2\/media?parent=93041"}],"wp:term":[{"taxonomy":"category","embeddable":true,"href":"https:\/\/eldiariodesanpedro.com.ar\/sitio\/wp-json\/wp\/v2\/categories?post=93041"},{"taxonomy":"post_tag","embeddable":true,"href":"https:\/\/eldiariodesanpedro.com.ar\/sitio\/wp-json\/wp\/v2\/tags?post=93041"}],"curies":[{"name":"wp","href":"https:\/\/api.w.org\/{rel}","templated":true}]}}