{"id":93023,"date":"2021-05-22T11:52:29","date_gmt":"2021-05-22T14:52:29","guid":{"rendered":"https:\/\/eldiariodesanpedro.com.ar\/sitio\/?p=93023"},"modified":"2021-05-22T11:52:33","modified_gmt":"2021-05-22T14:52:33","slug":"baradero-vuelve-el-control-en-la-entrada-de-la-localidad","status":"publish","type":"post","link":"https:\/\/eldiariodesanpedro.com.ar\/sitio\/baradero-vuelve-el-control-en-la-entrada-de-la-localidad\/","title":{"rendered":"BARADERO | Vuelve el control en la entrada de la localidad"},"content":{"rendered":"<!-- VideographyWP Plugin Message: Automatic video embedding prevented by plugin options. -->\n\n<p>La noticia fue confirmada por el Subsecretario de Seguridad, quien dijo que \u201cno ingresar\u00e1 a la ciudad quien no tenga que hacerlo\u201d.<\/p>\n\n\n\n<p>El control se llevar\u00e1 a cabo con personal de tr\u00e1nsito y polic\u00eda en el horario de 7 a 19 horas.<\/p>\n\n\n\n<p>fuente: <a href=\"https:\/\/tulineadirecta.com\/vuelve-el-control-en-la-entrada-de-baradero\/\">Tu Linea Directa<\/a><\/p>\n","protected":false},"excerpt":{"rendered":"<p>La noticia fue confirmada por el Subsecretario de Seguridad, quien dijo que \u201cno ingresar\u00e1 a la ciudad quien no tenga que hacerlo\u201d. El control se llevar\u00e1 a cabo con personal de tr\u00e1nsito y polic\u00eda en el horario de 7 a 19 horas. fuente: Tu Linea Directa<\/p>\n","protected":false},"author":4,"featured_media":93024,"comment_status":"open","ping_status":"closed","sticky":false,"template":"","format":"standard","meta":{"om_disable_all_campaigns":false,"_jetpack_memberships_contains_paid_content":false,"footnotes":""},"categories":[621],"tags":[],"class_list":["post-93023","post","type-post","status-publish","format-standard","has-post-thumbnail","hentry","category-regionales"],"aioseo_notices":[],"gutentor_comment":0,"jetpack_featured_media_url":"https:\/\/eldiariodesanpedro.com.ar\/sitio\/wp-content\/uploads\/2021\/05\/acceso-a-baradero.jpg","jetpack_shortlink":"https:\/\/wp.me\/p6RhLt-ocn","jetpack_sharing_enabled":true,"_links":{"self":[{"href":"https:\/\/eldiariodesanpedro.com.ar\/sitio\/wp-json\/wp\/v2\/posts\/93023","targetHints":{"allow":["GET"]}}],"collection":[{"href":"https:\/\/eldiariodesanpedro.com.ar\/sitio\/wp-json\/wp\/v2\/posts"}],"about":[{"href":"https:\/\/eldiariodesanpedro.com.ar\/sitio\/wp-json\/wp\/v2\/types\/post"}],"author":[{"embeddable":true,"href":"https:\/\/eldiariodesanpedro.com.ar\/sitio\/wp-json\/wp\/v2\/users\/4"}],"replies":[{"embeddable":true,"href":"https:\/\/eldiariodesanpedro.com.ar\/sitio\/wp-json\/wp\/v2\/comments?post=93023"}],"version-history":[{"count":1,"href":"https:\/\/eldiariodesanpedro.com.ar\/sitio\/wp-json\/wp\/v2\/posts\/93023\/revisions"}],"predecessor-version":[{"id":93025,"href":"https:\/\/eldiariodesanpedro.com.ar\/sitio\/wp-json\/wp\/v2\/posts\/93023\/revisions\/93025"}],"wp:featuredmedia":[{"embeddable":true,"href":"https:\/\/eldiariodesanpedro.com.ar\/sitio\/wp-json\/wp\/v2\/media\/93024"}],"wp:attachment":[{"href":"https:\/\/eldiariodesanpedro.com.ar\/sitio\/wp-json\/wp\/v2\/media?parent=93023"}],"wp:term":[{"taxonomy":"category","embeddable":true,"href":"https:\/\/eldiariodesanpedro.com.ar\/sitio\/wp-json\/wp\/v2\/categories?post=93023"},{"taxonomy":"post_tag","embeddable":true,"href":"https:\/\/eldiariodesanpedro.com.ar\/sitio\/wp-json\/wp\/v2\/tags?post=93023"}],"curies":[{"name":"wp","href":"https:\/\/api.w.org\/{rel}","templated":true}]}}