{"id":93020,"date":"2021-05-22T11:49:58","date_gmt":"2021-05-22T14:49:58","guid":{"rendered":"https:\/\/eldiariodesanpedro.com.ar\/sitio\/?p=93020"},"modified":"2021-05-22T12:32:35","modified_gmt":"2021-05-22T15:32:35","slug":"baradero-el-intendente-anuncio-el-pase-a-fase-3-y-la-adhesion-a-las-medidas-nacionales","status":"publish","type":"post","link":"https:\/\/eldiariodesanpedro.com.ar\/sitio\/baradero-el-intendente-anuncio-el-pase-a-fase-3-y-la-adhesion-a-las-medidas-nacionales\/","title":{"rendered":"BARADERO | El Intendente anunci\u00f3 el pase a fase 3 y la adhesi\u00f3n a las medidas nacionales"},"content":{"rendered":"<!-- VideographyWP Plugin Message: Automatic video embedding prevented by plugin options. -->\n\n<p>El anuncio se hizo oficial a trav\u00e9s de un video en redes sociales luego de mantener una reuni\u00f3n con el Jefe de Gabinete de la Pcia. de Buenos Aires Carlos Bianco.<\/p>\n\n\n\n<p>Pese a no encontrarnos en \u201calerta epidemiol\u00f3gica\u201d, el Intendente tom\u00f3 la determinaci\u00f3n de pedir que la ciudad baje a una Fase 3 para poder ser alcanzado por las medidas anunciadas en el d\u00eda de ayer por el Presidente Alberto Fernandez y ratificadas por el Gobernador Axel Kicillof.<\/p>\n\n\n\n<p>Con esto, la ciudad entrar\u00eda en un confinamiento estricto por los pr\u00f3ximos 9 d\u00edas.<\/p>\n\n\n\n<p>Fuente: <a href=\"https:\/\/tulineadirecta.com\/el-intendente-anuncio-el-pase-a-fase-3-y-la-adhesion-a-las-medidas-nacionales\/\">Tu Linea Directa<\/a><\/p>\n","protected":false},"excerpt":{"rendered":"<p>El anuncio se hizo oficial a trav\u00e9s de un video en redes sociales luego de mantener una reuni\u00f3n con el Jefe de Gabinete de la Pcia. de Buenos Aires Carlos Bianco. Pese a no encontrarnos en \u201calerta epidemiol\u00f3gica\u201d, el Intendente tom\u00f3 la determinaci\u00f3n de pedir que la ciudad baje a una Fase 3 para poder [&hellip;]<\/p>\n","protected":false},"author":4,"featured_media":93021,"comment_status":"open","ping_status":"closed","sticky":false,"template":"","format":"standard","meta":{"om_disable_all_campaigns":false,"_jetpack_memberships_contains_paid_content":false,"footnotes":""},"categories":[50,621],"tags":[],"class_list":["post-93020","post","type-post","status-publish","format-standard","has-post-thumbnail","hentry","category-destacadas","category-regionales"],"aioseo_notices":[],"gutentor_comment":0,"jetpack_featured_media_url":"https:\/\/eldiariodesanpedro.com.ar\/sitio\/wp-content\/uploads\/2021\/05\/187357106_2594716240838137_6283634935779040009_n.jpg","jetpack_shortlink":"https:\/\/wp.me\/p6RhLt-ock","jetpack_sharing_enabled":true,"_links":{"self":[{"href":"https:\/\/eldiariodesanpedro.com.ar\/sitio\/wp-json\/wp\/v2\/posts\/93020","targetHints":{"allow":["GET"]}}],"collection":[{"href":"https:\/\/eldiariodesanpedro.com.ar\/sitio\/wp-json\/wp\/v2\/posts"}],"about":[{"href":"https:\/\/eldiariodesanpedro.com.ar\/sitio\/wp-json\/wp\/v2\/types\/post"}],"author":[{"embeddable":true,"href":"https:\/\/eldiariodesanpedro.com.ar\/sitio\/wp-json\/wp\/v2\/users\/4"}],"replies":[{"embeddable":true,"href":"https:\/\/eldiariodesanpedro.com.ar\/sitio\/wp-json\/wp\/v2\/comments?post=93020"}],"version-history":[{"count":1,"href":"https:\/\/eldiariodesanpedro.com.ar\/sitio\/wp-json\/wp\/v2\/posts\/93020\/revisions"}],"predecessor-version":[{"id":93022,"href":"https:\/\/eldiariodesanpedro.com.ar\/sitio\/wp-json\/wp\/v2\/posts\/93020\/revisions\/93022"}],"wp:featuredmedia":[{"embeddable":true,"href":"https:\/\/eldiariodesanpedro.com.ar\/sitio\/wp-json\/wp\/v2\/media\/93021"}],"wp:attachment":[{"href":"https:\/\/eldiariodesanpedro.com.ar\/sitio\/wp-json\/wp\/v2\/media?parent=93020"}],"wp:term":[{"taxonomy":"category","embeddable":true,"href":"https:\/\/eldiariodesanpedro.com.ar\/sitio\/wp-json\/wp\/v2\/categories?post=93020"},{"taxonomy":"post_tag","embeddable":true,"href":"https:\/\/eldiariodesanpedro.com.ar\/sitio\/wp-json\/wp\/v2\/tags?post=93020"}],"curies":[{"name":"wp","href":"https:\/\/api.w.org\/{rel}","templated":true}]}}