{"id":93017,"date":"2021-05-22T11:33:02","date_gmt":"2021-05-22T14:33:02","guid":{"rendered":"https:\/\/eldiariodesanpedro.com.ar\/sitio\/?p=93017"},"modified":"2021-05-22T11:33:08","modified_gmt":"2021-05-22T14:33:08","slug":"mabel-prado-este-es-un-sistema-maquiavelico-o-es-una-inoperancia-total","status":"publish","type":"post","link":"https:\/\/eldiariodesanpedro.com.ar\/sitio\/mabel-prado-este-es-un-sistema-maquiavelico-o-es-una-inoperancia-total\/","title":{"rendered":"Mabel Prado: \u201cEste es un sistema maquiav\u00e9lico o es una inoperancia total\u201d"},"content":{"rendered":"<!-- VideographyWP Plugin Message: Automatic video embedding prevented by plugin options. -->\n\n<p>Un sector perteneciente al Pro, que hace pocas semanas conform\u00f3 una mesa de trabajo, elabor\u00f3 un comunicado difundido d\u00edas atr\u00e1s y donde hacen fuertes cuestionamientos al cambio de fase y la labor del gobierno local durante la pandemia.<\/p>\n\n\n\n<p>En plena segunda ola del covid y en medio de un preocupante aumento de casos en nuestra ciudad el Pro San Pedro emiti\u00f3 un pol\u00e9mico comunicado en el que expresan su preocupaci\u00f3n por el pase a la Fase 2.<\/p>\n\n\n\n<p>La presidenta de este sector, Mabel Prado, habl\u00f3 en el aire de FM G\u00e9nesis y explic\u00f3 qu\u00e9 fue lo que los motiv\u00f3 a hacer p\u00fablica su posici\u00f3n.&nbsp;<\/p>\n\n\n\n<p>\u201cLo \u00fanico que hicimos fue volcar lo que una gran parte de los sampedrinos se preguntan\u201d, se\u00f1al\u00f3 Mabel Prado durante la entrevista.<\/p>\n\n\n\n<p>\u201cEstuvimos 8 meses encerrados con el costo que signific\u00f3 cuando solo ten\u00edamos 100 casos, y ahora tenemos 28.000 casos en toda la provincia en un solo d\u00eda, es decir que no fue efectivo\u201d.<\/p>\n\n\n\n<p>\u201cEn esos 8 meses nos dijeron que era para acondicionar el sistema de salud, en marzo del 2020 hab\u00eda 15 camas de terapia intensiva y hoy hay 15 cama, entonces nos preguntamos qu\u00e9 se hizo\u201d.<\/p>\n\n\n\n<p>\u201cCreemos que no fue la poblaci\u00f3n la que baj\u00f3 los brazos, sino el estado\u201d, manifest\u00f3.<\/p>\n\n\n\n<p>\u201cSe hizo una playa con la millonada de pesos que se gast\u00f3, y no se contrata personal de la salud. Yo entiendo que no dan a bastos, pero qu\u00e9 se hizo? Vamos a convivir con este virus inclusive en el 2022, nos van a seguir encerrando?\u201d, se pregunt\u00f3 Prado y agreg\u00f3, \u201cEste es un sistema maquiav\u00e9lico o es una inoperancia total\u201d.<\/p>\n\n\n\n<p>\u201cPor eso proponemos que se conforme un comit\u00e9 de crisis con distintos actores porque distintas voces pueden dar distintas soluciones\u201d.<\/p>\n\n\n\n<p>\u201cEn mi familia nos enfermamos todos de covid, pero nadie de la Municipalidad vino a comprobar si lo cumpl\u00edamos. Nos hicieron el seguimiento solo por whatsapp\u201d, expres\u00f3 la referente del Pro.<\/p>\n\n\n\n<p>\u201cMe saco el sombrero con los m\u00e9dicos y las enfermeras, ahora, no hubo campa\u00f1as de cuidados, solo la de usar el barbijo. No hay conciencia del cuidado y sobre todos los jovenes, se creen inmortales, entonces son los que menos cuidados tienen\u201d.<\/p>\n\n\n\n<p>\u201cDeben haber m\u00e1s campa\u00f1as agresivas y que se tome real conciencia\u201d, argument\u00f3 Mabel Prado.<\/p>\n\n\n\n<p>Fuente: <a href=\"https:\/\/www.sanpedroinforma.com.ar\/nota\/124203\/politica\/mabel-prado-este-es-un-sistema-maquiavelico-o-es-una-inoperancia-total.html\">San Pedro informa<\/a><\/p>\n","protected":false},"excerpt":{"rendered":"<p>Un sector perteneciente al Pro, que hace pocas semanas conform\u00f3 una mesa de trabajo, elabor\u00f3 un comunicado difundido d\u00edas atr\u00e1s y donde hacen fuertes cuestionamientos al cambio de fase y la labor del gobierno local durante la pandemia. En plena segunda ola del covid y en medio de un preocupante aumento de casos en nuestra [&hellip;]<\/p>\n","protected":false},"author":4,"featured_media":93018,"comment_status":"open","ping_status":"closed","sticky":false,"template":"","format":"standard","meta":{"om_disable_all_campaigns":false,"_jetpack_memberships_contains_paid_content":false,"footnotes":""},"categories":[2],"tags":[],"class_list":["post-93017","post","type-post","status-publish","format-standard","has-post-thumbnail","hentry","category-locales"],"aioseo_notices":[],"gutentor_comment":0,"jetpack_featured_media_url":"https:\/\/eldiariodesanpedro.com.ar\/sitio\/wp-content\/uploads\/2021\/05\/000091579.jpg","jetpack_shortlink":"https:\/\/wp.me\/p6RhLt-och","jetpack_sharing_enabled":true,"_links":{"self":[{"href":"https:\/\/eldiariodesanpedro.com.ar\/sitio\/wp-json\/wp\/v2\/posts\/93017","targetHints":{"allow":["GET"]}}],"collection":[{"href":"https:\/\/eldiariodesanpedro.com.ar\/sitio\/wp-json\/wp\/v2\/posts"}],"about":[{"href":"https:\/\/eldiariodesanpedro.com.ar\/sitio\/wp-json\/wp\/v2\/types\/post"}],"author":[{"embeddable":true,"href":"https:\/\/eldiariodesanpedro.com.ar\/sitio\/wp-json\/wp\/v2\/users\/4"}],"replies":[{"embeddable":true,"href":"https:\/\/eldiariodesanpedro.com.ar\/sitio\/wp-json\/wp\/v2\/comments?post=93017"}],"version-history":[{"count":1,"href":"https:\/\/eldiariodesanpedro.com.ar\/sitio\/wp-json\/wp\/v2\/posts\/93017\/revisions"}],"predecessor-version":[{"id":93019,"href":"https:\/\/eldiariodesanpedro.com.ar\/sitio\/wp-json\/wp\/v2\/posts\/93017\/revisions\/93019"}],"wp:featuredmedia":[{"embeddable":true,"href":"https:\/\/eldiariodesanpedro.com.ar\/sitio\/wp-json\/wp\/v2\/media\/93018"}],"wp:attachment":[{"href":"https:\/\/eldiariodesanpedro.com.ar\/sitio\/wp-json\/wp\/v2\/media?parent=93017"}],"wp:term":[{"taxonomy":"category","embeddable":true,"href":"https:\/\/eldiariodesanpedro.com.ar\/sitio\/wp-json\/wp\/v2\/categories?post=93017"},{"taxonomy":"post_tag","embeddable":true,"href":"https:\/\/eldiariodesanpedro.com.ar\/sitio\/wp-json\/wp\/v2\/tags?post=93017"}],"curies":[{"name":"wp","href":"https:\/\/api.w.org\/{rel}","templated":true}]}}