{"id":93014,"date":"2021-05-22T11:24:17","date_gmt":"2021-05-22T14:24:17","guid":{"rendered":"https:\/\/eldiariodesanpedro.com.ar\/sitio\/?p=93014"},"modified":"2021-05-24T18:00:33","modified_gmt":"2021-05-24T21:00:33","slug":"se-le-otorgo-un-reconocimiento-al-sampedrino-alejandro-juan-bennazar","status":"publish","type":"post","link":"https:\/\/eldiariodesanpedro.com.ar\/sitio\/se-le-otorgo-un-reconocimiento-al-sampedrino-alejandro-juan-bennazar\/","title":{"rendered":"Se le otorgo un reconocimiento al sampedrino Alejandro Juan Bennazar"},"content":{"rendered":"<!-- VideographyWP Plugin Message: Automatic video embedding prevented by plugin options. -->\n\n<p>En el d\u00eda de ayer en una reuni\u00f3n con la modalidad v\u00eda zoom se le entreg\u00f3 a sampedrino Alejandro Juan Bennazar un reconocimiento por su labor desde que lleg\u00f3 a la C\u00e1mara Argentina Inmobiliaria (CIA), se destac\u00f3 su\u00a0 accionar en c\u00f3mo encontr\u00f3 la instituci\u00f3n y como llego a levantarla y\u00a0 hacer posible el funcionamiento que tiene en la actualidad basado en los valores de los rotarios.<\/p>\n\n\n\n<p>El jueves 20 de Mayo, en una reuni\u00f3n del Rotary Club de Montserrat del Distrito 4895 de ROTARY INTERNATIONAL, via zoom, se le entreg\u00f3 al sampedrino Alejandro Juan Bennazar el Premio, \u00abEl Tambor de Monserrat\u00bb por su destacada labor en la sociedad, y una placa de reconocimiento desde la Presidencia del Comit\u00e9 Distrital de Servicio a la Comunidad, a cargo de Marcela Capdevila y Walter Ram\u00edrez Moyano, dentro de la Gobernaci\u00f3n de Edgardo Murua, por su labor en pos de \u00a8La Humanizaci\u00f3n de la Actividad Inmobiliaria\u00a8.&nbsp;<\/p>\n\n\n\n<p>Dio la bienvenida a los participantes la Sra. Marcela Capdevila, Primer Mujer Presidente del R C de Montserrat y Presidente del Comit\u00e9 Distrital de Servicio a la Comunidad, quien present\u00f3&nbsp; y&nbsp; destac\u00f3&nbsp; el accionar de el Sr. Alejandro Juan Bennazar desde su llegada a la C\u00e1mara Inmobiliaria Argentina, destacando su accionar en servicio a la comunidad, jerarquizando la profesi\u00f3n y actividad inmobiliaria y los valores rotarios en su m\u00e1xima expresi\u00f3n.&nbsp;<\/p>\n\n\n\n<p>Entreg\u00f3 el Diploma, el Sr. Hern\u00e1n Quintanilla Pte del Rotary Club de Montserrat y la Placa del Comit\u00e9 Distrital de Servicios a la Comunidad en pos de \u00abLa humanizaci\u00f3n de la actividad inmobiliaria\u00bb la Sra. Marcela Capdevila, Presidente electa de las Convenciones Internacionales, periodo 2021\/22&nbsp; y el Sr. Walter Ram\u00edrez Moyano, Presidente electo del Comit\u00e9 Internacional, periodo 2021\/22.<\/p>\n\n\n\n<p>El Rotary Club de Montserrat, otorga anualmente este premio a personalidades destacadas de la sociedad en el \u00e1mbito profesional, y el reconocimiento del Comit\u00e9 Distrital de Servicio a la Comunidad, premio, \u00fanico, que se otorga por primera vez, por demostrar desde su accionar en beneficio a la comunidad, un liderazgo ejemplar, jerarquizando la actividad y profesi\u00f3n inmobiliaria y los valores rotarios en su m\u00e1xima expresi\u00f3n, al Martillero y Corredor P\u00fablico Nacional Alejandro Juan Bennazar, especializado en desarrollos de emprendimientos inmobiliarios, desarrollando la presidencia y siendo\u00a0 miembro de destacadas instituciones del \u00e1mbito inmobiliario y empresarial. Cabe destacar que estuvieron presentes rotarios de varios distritos,\u00a0 el Ex Gobernador Horacio Mollo, el Ex Gobernador Miguel \u00c1ngel Mart\u00ednez Pereyra y el Gobernador electo periodo 2021\/22 Vicente Roccassalva, presidentes de Colegios y C\u00e1maras Inmobiliarias de toda la Republica Argentina.<\/p>\n\n\n\n<figure class=\"wp-block-image size-large\"><img decoding=\"async\" width=\"971\" height=\"1024\" data-attachment-id=\"93062\" data-permalink=\"https:\/\/eldiariodesanpedro.com.ar\/sitio\/se-le-otorgo-un-reconocimiento-al-sampedrino-alejandro-juan-bennazar\/whatsapp-image-2021-05-24-at-14-18-59\/\" data-orig-file=\"https:\/\/eldiariodesanpedro.com.ar\/sitio\/wp-content\/uploads\/2021\/05\/WhatsApp-Image-2021-05-24-at-14.18.59.jpeg\" data-orig-size=\"1214,1280\" data-comments-opened=\"1\" data-image-meta=\"{&quot;aperture&quot;:&quot;0&quot;,&quot;credit&quot;:&quot;&quot;,&quot;camera&quot;:&quot;&quot;,&quot;caption&quot;:&quot;&quot;,&quot;created_timestamp&quot;:&quot;0&quot;,&quot;copyright&quot;:&quot;&quot;,&quot;focal_length&quot;:&quot;0&quot;,&quot;iso&quot;:&quot;0&quot;,&quot;shutter_speed&quot;:&quot;0&quot;,&quot;title&quot;:&quot;&quot;,&quot;orientation&quot;:&quot;0&quot;}\" data-image-title=\"WhatsApp Image 2021-05-24 at 14.18.59\" data-image-description=\"\" data-image-caption=\"\" data-large-file=\"https:\/\/eldiariodesanpedro.com.ar\/sitio\/wp-content\/uploads\/2021\/05\/WhatsApp-Image-2021-05-24-at-14.18.59-971x1024.jpeg\" data-src=\"https:\/\/eldiariodesanpedro.com.ar\/sitio\/wp-content\/uploads\/2021\/05\/WhatsApp-Image-2021-05-24-at-14.18.59-971x1024.jpeg\" alt=\"\" class=\"wp-image-93062 lazyload\" data-srcset=\"https:\/\/eldiariodesanpedro.com.ar\/sitio\/wp-content\/uploads\/2021\/05\/WhatsApp-Image-2021-05-24-at-14.18.59-971x1024.jpeg 971w, https:\/\/eldiariodesanpedro.com.ar\/sitio\/wp-content\/uploads\/2021\/05\/WhatsApp-Image-2021-05-24-at-14.18.59-285x300.jpeg 285w, https:\/\/eldiariodesanpedro.com.ar\/sitio\/wp-content\/uploads\/2021\/05\/WhatsApp-Image-2021-05-24-at-14.18.59-768x810.jpeg 768w, https:\/\/eldiariodesanpedro.com.ar\/sitio\/wp-content\/uploads\/2021\/05\/WhatsApp-Image-2021-05-24-at-14.18.59.jpeg 1214w\" data-sizes=\"(max-width: 971px) 100vw, 971px\" src=\"data:image\/svg+xml;base64,PHN2ZyB3aWR0aD0iMSIgaGVpZ2h0PSIxIiB4bWxucz0iaHR0cDovL3d3dy53My5vcmcvMjAwMC9zdmciPjwvc3ZnPg==\" style=\"--smush-placeholder-width: 971px; --smush-placeholder-aspect-ratio: 971\/1024;\" \/><\/figure>\n\n\n\n<figure class=\"wp-block-image size-large\"><img decoding=\"async\" width=\"1024\" height=\"782\" data-attachment-id=\"93063\" data-permalink=\"https:\/\/eldiariodesanpedro.com.ar\/sitio\/se-le-otorgo-un-reconocimiento-al-sampedrino-alejandro-juan-bennazar\/whatsapp-image-2021-05-24-at-14-19-00\/\" data-orig-file=\"https:\/\/eldiariodesanpedro.com.ar\/sitio\/wp-content\/uploads\/2021\/05\/WhatsApp-Image-2021-05-24-at-14.19.00.jpeg\" data-orig-size=\"1080,825\" data-comments-opened=\"1\" data-image-meta=\"{&quot;aperture&quot;:&quot;0&quot;,&quot;credit&quot;:&quot;&quot;,&quot;camera&quot;:&quot;&quot;,&quot;caption&quot;:&quot;&quot;,&quot;created_timestamp&quot;:&quot;0&quot;,&quot;copyright&quot;:&quot;&quot;,&quot;focal_length&quot;:&quot;0&quot;,&quot;iso&quot;:&quot;0&quot;,&quot;shutter_speed&quot;:&quot;0&quot;,&quot;title&quot;:&quot;&quot;,&quot;orientation&quot;:&quot;0&quot;}\" data-image-title=\"WhatsApp Image 2021-05-24 at 14.19.00\" data-image-description=\"\" data-image-caption=\"\" data-large-file=\"https:\/\/eldiariodesanpedro.com.ar\/sitio\/wp-content\/uploads\/2021\/05\/WhatsApp-Image-2021-05-24-at-14.19.00-1024x782.jpeg\" data-src=\"https:\/\/eldiariodesanpedro.com.ar\/sitio\/wp-content\/uploads\/2021\/05\/WhatsApp-Image-2021-05-24-at-14.19.00-1024x782.jpeg\" alt=\"\" class=\"wp-image-93063 lazyload\" data-srcset=\"https:\/\/eldiariodesanpedro.com.ar\/sitio\/wp-content\/uploads\/2021\/05\/WhatsApp-Image-2021-05-24-at-14.19.00-1024x782.jpeg 1024w, https:\/\/eldiariodesanpedro.com.ar\/sitio\/wp-content\/uploads\/2021\/05\/WhatsApp-Image-2021-05-24-at-14.19.00-300x229.jpeg 300w, https:\/\/eldiariodesanpedro.com.ar\/sitio\/wp-content\/uploads\/2021\/05\/WhatsApp-Image-2021-05-24-at-14.19.00-768x587.jpeg 768w, https:\/\/eldiariodesanpedro.com.ar\/sitio\/wp-content\/uploads\/2021\/05\/WhatsApp-Image-2021-05-24-at-14.19.00.jpeg 1080w\" data-sizes=\"(max-width: 1024px) 100vw, 1024px\" src=\"data:image\/svg+xml;base64,PHN2ZyB3aWR0aD0iMSIgaGVpZ2h0PSIxIiB4bWxucz0iaHR0cDovL3d3dy53My5vcmcvMjAwMC9zdmciPjwvc3ZnPg==\" style=\"--smush-placeholder-width: 1024px; --smush-placeholder-aspect-ratio: 1024\/782;\" \/><\/figure>\n\n\n\n<figure class=\"wp-block-image size-large\"><img decoding=\"async\" width=\"1024\" height=\"864\" data-attachment-id=\"93061\" data-permalink=\"https:\/\/eldiariodesanpedro.com.ar\/sitio\/se-le-otorgo-un-reconocimiento-al-sampedrino-alejandro-juan-bennazar\/whatsapp-image-2021-05-24-at-14-18-39\/\" data-orig-file=\"https:\/\/eldiariodesanpedro.com.ar\/sitio\/wp-content\/uploads\/2021\/05\/WhatsApp-Image-2021-05-24-at-14.18.39.jpeg\" data-orig-size=\"1185,1000\" data-comments-opened=\"1\" data-image-meta=\"{&quot;aperture&quot;:&quot;0&quot;,&quot;credit&quot;:&quot;&quot;,&quot;camera&quot;:&quot;&quot;,&quot;caption&quot;:&quot;&quot;,&quot;created_timestamp&quot;:&quot;0&quot;,&quot;copyright&quot;:&quot;&quot;,&quot;focal_length&quot;:&quot;0&quot;,&quot;iso&quot;:&quot;0&quot;,&quot;shutter_speed&quot;:&quot;0&quot;,&quot;title&quot;:&quot;&quot;,&quot;orientation&quot;:&quot;0&quot;}\" data-image-title=\"WhatsApp Image 2021-05-24 at 14.18.39\" data-image-description=\"\" data-image-caption=\"\" data-large-file=\"https:\/\/eldiariodesanpedro.com.ar\/sitio\/wp-content\/uploads\/2021\/05\/WhatsApp-Image-2021-05-24-at-14.18.39-1024x864.jpeg\" data-src=\"https:\/\/eldiariodesanpedro.com.ar\/sitio\/wp-content\/uploads\/2021\/05\/WhatsApp-Image-2021-05-24-at-14.18.39-1024x864.jpeg\" alt=\"\" class=\"wp-image-93061 lazyload\" data-srcset=\"https:\/\/eldiariodesanpedro.com.ar\/sitio\/wp-content\/uploads\/2021\/05\/WhatsApp-Image-2021-05-24-at-14.18.39-1024x864.jpeg 1024w, https:\/\/eldiariodesanpedro.com.ar\/sitio\/wp-content\/uploads\/2021\/05\/WhatsApp-Image-2021-05-24-at-14.18.39-300x253.jpeg 300w, https:\/\/eldiariodesanpedro.com.ar\/sitio\/wp-content\/uploads\/2021\/05\/WhatsApp-Image-2021-05-24-at-14.18.39-768x648.jpeg 768w, https:\/\/eldiariodesanpedro.com.ar\/sitio\/wp-content\/uploads\/2021\/05\/WhatsApp-Image-2021-05-24-at-14.18.39.jpeg 1185w\" data-sizes=\"(max-width: 1024px) 100vw, 1024px\" src=\"data:image\/svg+xml;base64,PHN2ZyB3aWR0aD0iMSIgaGVpZ2h0PSIxIiB4bWxucz0iaHR0cDovL3d3dy53My5vcmcvMjAwMC9zdmciPjwvc3ZnPg==\" style=\"--smush-placeholder-width: 1024px; --smush-placeholder-aspect-ratio: 1024\/864;\" \/><\/figure>\n\n\n\n<figure class=\"wp-block-image size-large\"><img decoding=\"async\" width=\"993\" height=\"1024\" data-attachment-id=\"93060\" data-permalink=\"https:\/\/eldiariodesanpedro.com.ar\/sitio\/se-le-otorgo-un-reconocimiento-al-sampedrino-alejandro-juan-bennazar\/whatsapp-image-2021-05-24-at-14-18-39-1\/\" data-orig-file=\"https:\/\/eldiariodesanpedro.com.ar\/sitio\/wp-content\/uploads\/2021\/05\/WhatsApp-Image-2021-05-24-at-14.18.39-1.jpeg\" data-orig-size=\"993,1024\" data-comments-opened=\"1\" data-image-meta=\"{&quot;aperture&quot;:&quot;0&quot;,&quot;credit&quot;:&quot;&quot;,&quot;camera&quot;:&quot;&quot;,&quot;caption&quot;:&quot;&quot;,&quot;created_timestamp&quot;:&quot;0&quot;,&quot;copyright&quot;:&quot;&quot;,&quot;focal_length&quot;:&quot;0&quot;,&quot;iso&quot;:&quot;0&quot;,&quot;shutter_speed&quot;:&quot;0&quot;,&quot;title&quot;:&quot;&quot;,&quot;orientation&quot;:&quot;0&quot;}\" data-image-title=\"WhatsApp Image 2021-05-24 at 14.18.39 (1)\" data-image-description=\"\" data-image-caption=\"\" data-large-file=\"https:\/\/eldiariodesanpedro.com.ar\/sitio\/wp-content\/uploads\/2021\/05\/WhatsApp-Image-2021-05-24-at-14.18.39-1.jpeg\" data-src=\"https:\/\/eldiariodesanpedro.com.ar\/sitio\/wp-content\/uploads\/2021\/05\/WhatsApp-Image-2021-05-24-at-14.18.39-1.jpeg\" alt=\"\" class=\"wp-image-93060 lazyload\" data-srcset=\"https:\/\/eldiariodesanpedro.com.ar\/sitio\/wp-content\/uploads\/2021\/05\/WhatsApp-Image-2021-05-24-at-14.18.39-1.jpeg 993w, https:\/\/eldiariodesanpedro.com.ar\/sitio\/wp-content\/uploads\/2021\/05\/WhatsApp-Image-2021-05-24-at-14.18.39-1-291x300.jpeg 291w, https:\/\/eldiariodesanpedro.com.ar\/sitio\/wp-content\/uploads\/2021\/05\/WhatsApp-Image-2021-05-24-at-14.18.39-1-768x792.jpeg 768w\" data-sizes=\"(max-width: 993px) 100vw, 993px\" src=\"data:image\/svg+xml;base64,PHN2ZyB3aWR0aD0iMSIgaGVpZ2h0PSIxIiB4bWxucz0iaHR0cDovL3d3dy53My5vcmcvMjAwMC9zdmciPjwvc3ZnPg==\" style=\"--smush-placeholder-width: 993px; --smush-placeholder-aspect-ratio: 993\/1024;\" \/><\/figure>\n\n\n\n<figure class=\"wp-block-image size-large\"><img decoding=\"async\" width=\"682\" height=\"1024\" data-attachment-id=\"93058\" data-permalink=\"https:\/\/eldiariodesanpedro.com.ar\/sitio\/se-le-otorgo-un-reconocimiento-al-sampedrino-alejandro-juan-bennazar\/whatsapp-image-2021-05-24-at-14-18-38-2\/\" data-orig-file=\"https:\/\/eldiariodesanpedro.com.ar\/sitio\/wp-content\/uploads\/2021\/05\/WhatsApp-Image-2021-05-24-at-14.18.38-2.jpeg\" data-orig-size=\"682,1024\" data-comments-opened=\"1\" data-image-meta=\"{&quot;aperture&quot;:&quot;0&quot;,&quot;credit&quot;:&quot;&quot;,&quot;camera&quot;:&quot;&quot;,&quot;caption&quot;:&quot;&quot;,&quot;created_timestamp&quot;:&quot;0&quot;,&quot;copyright&quot;:&quot;&quot;,&quot;focal_length&quot;:&quot;0&quot;,&quot;iso&quot;:&quot;0&quot;,&quot;shutter_speed&quot;:&quot;0&quot;,&quot;title&quot;:&quot;&quot;,&quot;orientation&quot;:&quot;0&quot;}\" data-image-title=\"WhatsApp Image 2021-05-24 at 14.18.38 (2)\" data-image-description=\"\" data-image-caption=\"\" data-large-file=\"https:\/\/eldiariodesanpedro.com.ar\/sitio\/wp-content\/uploads\/2021\/05\/WhatsApp-Image-2021-05-24-at-14.18.38-2.jpeg\" data-src=\"https:\/\/eldiariodesanpedro.com.ar\/sitio\/wp-content\/uploads\/2021\/05\/WhatsApp-Image-2021-05-24-at-14.18.38-2.jpeg\" alt=\"\" class=\"wp-image-93058 lazyload\" data-srcset=\"https:\/\/eldiariodesanpedro.com.ar\/sitio\/wp-content\/uploads\/2021\/05\/WhatsApp-Image-2021-05-24-at-14.18.38-2.jpeg 682w, https:\/\/eldiariodesanpedro.com.ar\/sitio\/wp-content\/uploads\/2021\/05\/WhatsApp-Image-2021-05-24-at-14.18.38-2-200x300.jpeg 200w\" data-sizes=\"(max-width: 682px) 100vw, 682px\" src=\"data:image\/svg+xml;base64,PHN2ZyB3aWR0aD0iMSIgaGVpZ2h0PSIxIiB4bWxucz0iaHR0cDovL3d3dy53My5vcmcvMjAwMC9zdmciPjwvc3ZnPg==\" style=\"--smush-placeholder-width: 682px; --smush-placeholder-aspect-ratio: 682\/1024;\" \/><\/figure>\n\n\n\n<figure class=\"wp-block-image size-large\"><img decoding=\"async\" width=\"473\" height=\"1024\" data-attachment-id=\"93057\" data-permalink=\"https:\/\/eldiariodesanpedro.com.ar\/sitio\/se-le-otorgo-un-reconocimiento-al-sampedrino-alejandro-juan-bennazar\/whatsapp-image-2021-05-24-at-14-18-38-1\/\" data-orig-file=\"https:\/\/eldiariodesanpedro.com.ar\/sitio\/wp-content\/uploads\/2021\/05\/WhatsApp-Image-2021-05-24-at-14.18.38-1.jpeg\" data-orig-size=\"591,1280\" data-comments-opened=\"1\" data-image-meta=\"{&quot;aperture&quot;:&quot;0&quot;,&quot;credit&quot;:&quot;&quot;,&quot;camera&quot;:&quot;&quot;,&quot;caption&quot;:&quot;&quot;,&quot;created_timestamp&quot;:&quot;0&quot;,&quot;copyright&quot;:&quot;&quot;,&quot;focal_length&quot;:&quot;0&quot;,&quot;iso&quot;:&quot;0&quot;,&quot;shutter_speed&quot;:&quot;0&quot;,&quot;title&quot;:&quot;&quot;,&quot;orientation&quot;:&quot;0&quot;}\" data-image-title=\"WhatsApp Image 2021-05-24 at 14.18.38 (1)\" data-image-description=\"\" data-image-caption=\"\" data-large-file=\"https:\/\/eldiariodesanpedro.com.ar\/sitio\/wp-content\/uploads\/2021\/05\/WhatsApp-Image-2021-05-24-at-14.18.38-1-473x1024.jpeg\" data-src=\"https:\/\/eldiariodesanpedro.com.ar\/sitio\/wp-content\/uploads\/2021\/05\/WhatsApp-Image-2021-05-24-at-14.18.38-1-473x1024.jpeg\" alt=\"\" class=\"wp-image-93057 lazyload\" data-srcset=\"https:\/\/eldiariodesanpedro.com.ar\/sitio\/wp-content\/uploads\/2021\/05\/WhatsApp-Image-2021-05-24-at-14.18.38-1-473x1024.jpeg 473w, https:\/\/eldiariodesanpedro.com.ar\/sitio\/wp-content\/uploads\/2021\/05\/WhatsApp-Image-2021-05-24-at-14.18.38-1-139x300.jpeg 139w, https:\/\/eldiariodesanpedro.com.ar\/sitio\/wp-content\/uploads\/2021\/05\/WhatsApp-Image-2021-05-24-at-14.18.38-1.jpeg 591w\" data-sizes=\"(max-width: 473px) 100vw, 473px\" src=\"data:image\/svg+xml;base64,PHN2ZyB3aWR0aD0iMSIgaGVpZ2h0PSIxIiB4bWxucz0iaHR0cDovL3d3dy53My5vcmcvMjAwMC9zdmciPjwvc3ZnPg==\" style=\"--smush-placeholder-width: 473px; --smush-placeholder-aspect-ratio: 473\/1024;\" \/><\/figure>\n","protected":false},"excerpt":{"rendered":"<p>En el d\u00eda de ayer en una reuni\u00f3n con la modalidad v\u00eda zoom se le entreg\u00f3 a sampedrino Alejandro Juan Bennazar un reconocimiento por su labor desde que lleg\u00f3 a la C\u00e1mara Argentina Inmobiliaria (CIA), se destac\u00f3 su\u00a0 accionar en c\u00f3mo encontr\u00f3 la instituci\u00f3n y como llego a levantarla y\u00a0 hacer posible el funcionamiento que [&hellip;]<\/p>\n","protected":false},"author":4,"featured_media":93059,"comment_status":"open","ping_status":"closed","sticky":false,"template":"","format":"standard","meta":{"om_disable_all_campaigns":false,"_jetpack_memberships_contains_paid_content":false,"footnotes":""},"categories":[101,2],"tags":[],"class_list":["post-93014","post","type-post","status-publish","format-standard","has-post-thumbnail","hentry","category-interes-general-locales","category-locales"],"aioseo_notices":[],"gutentor_comment":0,"jetpack_featured_media_url":"https:\/\/eldiariodesanpedro.com.ar\/sitio\/wp-content\/uploads\/2021\/05\/WhatsApp-Image-2021-05-24-at-14.18.38.jpeg","jetpack_shortlink":"https:\/\/wp.me\/p6RhLt-oce","jetpack_sharing_enabled":true,"_links":{"self":[{"href":"https:\/\/eldiariodesanpedro.com.ar\/sitio\/wp-json\/wp\/v2\/posts\/93014","targetHints":{"allow":["GET"]}}],"collection":[{"href":"https:\/\/eldiariodesanpedro.com.ar\/sitio\/wp-json\/wp\/v2\/posts"}],"about":[{"href":"https:\/\/eldiariodesanpedro.com.ar\/sitio\/wp-json\/wp\/v2\/types\/post"}],"author":[{"embeddable":true,"href":"https:\/\/eldiariodesanpedro.com.ar\/sitio\/wp-json\/wp\/v2\/users\/4"}],"replies":[{"embeddable":true,"href":"https:\/\/eldiariodesanpedro.com.ar\/sitio\/wp-json\/wp\/v2\/comments?post=93014"}],"version-history":[{"count":2,"href":"https:\/\/eldiariodesanpedro.com.ar\/sitio\/wp-json\/wp\/v2\/posts\/93014\/revisions"}],"predecessor-version":[{"id":93064,"href":"https:\/\/eldiariodesanpedro.com.ar\/sitio\/wp-json\/wp\/v2\/posts\/93014\/revisions\/93064"}],"wp:featuredmedia":[{"embeddable":true,"href":"https:\/\/eldiariodesanpedro.com.ar\/sitio\/wp-json\/wp\/v2\/media\/93059"}],"wp:attachment":[{"href":"https:\/\/eldiariodesanpedro.com.ar\/sitio\/wp-json\/wp\/v2\/media?parent=93014"}],"wp:term":[{"taxonomy":"category","embeddable":true,"href":"https:\/\/eldiariodesanpedro.com.ar\/sitio\/wp-json\/wp\/v2\/categories?post=93014"},{"taxonomy":"post_tag","embeddable":true,"href":"https:\/\/eldiariodesanpedro.com.ar\/sitio\/wp-json\/wp\/v2\/tags?post=93014"}],"curies":[{"name":"wp","href":"https:\/\/api.w.org\/{rel}","templated":true}]}}