{"id":93010,"date":"2021-05-22T10:48:25","date_gmt":"2021-05-22T13:48:25","guid":{"rendered":"https:\/\/eldiariodesanpedro.com.ar\/sitio\/?p=93010"},"modified":"2021-05-22T10:48:29","modified_gmt":"2021-05-22T13:48:29","slug":"fallecio-zulma-monica-marsico-de-58-anos-la-mujer-trasladada-a-salto-por-coronavirus","status":"publish","type":"post","link":"https:\/\/eldiariodesanpedro.com.ar\/sitio\/fallecio-zulma-monica-marsico-de-58-anos-la-mujer-trasladada-a-salto-por-coronavirus\/","title":{"rendered":"Falleci\u00f3 Zulma M\u00f3nica M\u00e1rsico de 58 a\u00f1os, la mujer trasladada a Salto por coronavirus"},"content":{"rendered":"<!-- VideographyWP Plugin Message: Automatic video embedding prevented by plugin options. -->\n\n<p>La Secretar\u00eda de Salud informa el fallecimiento de la Sra.<strong> Zulma M\u00f3nica M\u00e1rsico de 58 a\u00f1os<\/strong>, internada con un caso de Covid-19 positivo en sanatorio de la ciudad de Salto, Provincia de Buenos Aires.<\/p>\n\n\n\n<p>Compartimos las condolencias con sus familiares y amigos.<\/p>\n","protected":false},"excerpt":{"rendered":"<p>La Secretar\u00eda de Salud informa el fallecimiento de la Sra. Zulma M\u00f3nica M\u00e1rsico de 58 a\u00f1os, internada con un caso de Covid-19 positivo en sanatorio de la ciudad de Salto, Provincia de Buenos Aires. Compartimos las condolencias con sus familiares y amigos.<\/p>\n","protected":false},"author":4,"featured_media":82100,"comment_status":"open","ping_status":"closed","sticky":false,"template":"","format":"standard","meta":{"om_disable_all_campaigns":false,"_jetpack_memberships_contains_paid_content":false,"footnotes":""},"categories":[101,2],"tags":[],"class_list":["post-93010","post","type-post","status-publish","format-standard","has-post-thumbnail","hentry","category-interes-general-locales","category-locales"],"aioseo_notices":[],"gutentor_comment":0,"jetpack_featured_media_url":"https:\/\/eldiariodesanpedro.com.ar\/sitio\/wp-content\/uploads\/2020\/10\/sanitario-hace-cama-para-personas-cuarentena-por-coronavirus-marzo-del-2020-1584565459641.jpg","jetpack_shortlink":"https:\/\/wp.me\/p6RhLt-oca","jetpack_sharing_enabled":true,"_links":{"self":[{"href":"https:\/\/eldiariodesanpedro.com.ar\/sitio\/wp-json\/wp\/v2\/posts\/93010","targetHints":{"allow":["GET"]}}],"collection":[{"href":"https:\/\/eldiariodesanpedro.com.ar\/sitio\/wp-json\/wp\/v2\/posts"}],"about":[{"href":"https:\/\/eldiariodesanpedro.com.ar\/sitio\/wp-json\/wp\/v2\/types\/post"}],"author":[{"embeddable":true,"href":"https:\/\/eldiariodesanpedro.com.ar\/sitio\/wp-json\/wp\/v2\/users\/4"}],"replies":[{"embeddable":true,"href":"https:\/\/eldiariodesanpedro.com.ar\/sitio\/wp-json\/wp\/v2\/comments?post=93010"}],"version-history":[{"count":1,"href":"https:\/\/eldiariodesanpedro.com.ar\/sitio\/wp-json\/wp\/v2\/posts\/93010\/revisions"}],"predecessor-version":[{"id":93011,"href":"https:\/\/eldiariodesanpedro.com.ar\/sitio\/wp-json\/wp\/v2\/posts\/93010\/revisions\/93011"}],"wp:featuredmedia":[{"embeddable":true,"href":"https:\/\/eldiariodesanpedro.com.ar\/sitio\/wp-json\/wp\/v2\/media\/82100"}],"wp:attachment":[{"href":"https:\/\/eldiariodesanpedro.com.ar\/sitio\/wp-json\/wp\/v2\/media?parent=93010"}],"wp:term":[{"taxonomy":"category","embeddable":true,"href":"https:\/\/eldiariodesanpedro.com.ar\/sitio\/wp-json\/wp\/v2\/categories?post=93010"},{"taxonomy":"post_tag","embeddable":true,"href":"https:\/\/eldiariodesanpedro.com.ar\/sitio\/wp-json\/wp\/v2\/tags?post=93010"}],"curies":[{"name":"wp","href":"https:\/\/api.w.org\/{rel}","templated":true}]}}