{"id":93004,"date":"2021-05-21T21:38:19","date_gmt":"2021-05-22T00:38:19","guid":{"rendered":"https:\/\/eldiariodesanpedro.com.ar\/sitio\/?p=93004"},"modified":"2021-05-21T21:38:23","modified_gmt":"2021-05-22T00:38:23","slug":"gran-pesar-en-la-sociedad-sampedrina-por-el-fallecimiento-del-artista-juan-jose-destefano","status":"publish","type":"post","link":"https:\/\/eldiariodesanpedro.com.ar\/sitio\/gran-pesar-en-la-sociedad-sampedrina-por-el-fallecimiento-del-artista-juan-jose-destefano\/","title":{"rendered":"Gran pesar en la sociedad sampedrina por el fallecimiento del artista Juan Jos\u00e9 D&#8217;\u00e9st\u00e9fano"},"content":{"rendered":"<!-- VideographyWP Plugin Message: Automatic video embedding prevented by plugin options. -->\n\n<p>Desde varias instituciones se enviaron condolencias por el fallecimiento por el reconocido artista sampedrino.<\/p>\n\n\n\n<p><em>\u00abDesde la Municipalidad de San Pedro expresamos nuestras condolencias a la familia de Juan Jos\u00e9 D\u00b4Est\u00e9fano, destacado artista de nuestra ciudad, referente cultural y social del Barrio Canaletas y constante defensor de nuestra historia.<br>Su huella est\u00e1 marcada en todos los rincones de la ciudad y especialmente en su Viejo Astillero y en tantas iniciativas de las que ha sido part\u00edcipe. Acompa\u00f1amos a sus familiares y a todos los que lo despiden con gran dolor\u00bb.<\/em><\/p>\n\n\n\n<p><em>\u00a0La Asociaci\u00f3n De Amigos Del Centro De Estudios Hist\u00f3ricos De San Pedro expresa su profundo pesar por el fallecimiento de Juan Jos\u00e9 D&#8217;\u00e9st\u00e9fano, ex miembro directivo, actual socio honorario y colaborador permanente del Museo Hist\u00f3rico De San Pedro \u201cFray Jos\u00e9 Mar\u00eda Bottaro\u201d.<br>En el a\u00f1o 2019 hab\u00eda sido receptor de la Orden Del Convento, en reconocimiento a su labor art\u00edstica, cultural y social a trav\u00e9s de la que fuera su mayor obra: \u201cEl Viejo Astillero\u201d. Lo despedimos hoy con la tristeza que da perder a los \u201cesenciales\u201d. Hasta siempre, \u201cJUANJO\u201d.<\/em><\/p>\n\n\n\n<figure class=\"wp-block-image size-large\"><img decoding=\"async\" width=\"720\" height=\"720\" data-attachment-id=\"93006\" data-permalink=\"https:\/\/eldiariodesanpedro.com.ar\/sitio\/gran-pesar-en-la-sociedad-sampedrina-por-el-fallecimiento-del-artista-juan-jose-destefano\/foto\/\" data-orig-file=\"https:\/\/eldiariodesanpedro.com.ar\/sitio\/wp-content\/uploads\/2021\/05\/FOTO.jpg\" data-orig-size=\"720,720\" data-comments-opened=\"1\" data-image-meta=\"{&quot;aperture&quot;:&quot;0&quot;,&quot;credit&quot;:&quot;&quot;,&quot;camera&quot;:&quot;&quot;,&quot;caption&quot;:&quot;&quot;,&quot;created_timestamp&quot;:&quot;0&quot;,&quot;copyright&quot;:&quot;&quot;,&quot;focal_length&quot;:&quot;0&quot;,&quot;iso&quot;:&quot;0&quot;,&quot;shutter_speed&quot;:&quot;0&quot;,&quot;title&quot;:&quot;&quot;,&quot;orientation&quot;:&quot;0&quot;}\" data-image-title=\"FOTO\" data-image-description=\"\" data-image-caption=\"\" data-large-file=\"https:\/\/eldiariodesanpedro.com.ar\/sitio\/wp-content\/uploads\/2021\/05\/FOTO.jpg\" data-src=\"https:\/\/eldiariodesanpedro.com.ar\/sitio\/wp-content\/uploads\/2021\/05\/FOTO.jpg\" alt=\"\" class=\"wp-image-93006 lazyload\" data-srcset=\"https:\/\/eldiariodesanpedro.com.ar\/sitio\/wp-content\/uploads\/2021\/05\/FOTO.jpg 720w, https:\/\/eldiariodesanpedro.com.ar\/sitio\/wp-content\/uploads\/2021\/05\/FOTO-300x300.jpg 300w, https:\/\/eldiariodesanpedro.com.ar\/sitio\/wp-content\/uploads\/2021\/05\/FOTO-150x150.jpg 150w\" data-sizes=\"(max-width: 720px) 100vw, 720px\" src=\"data:image\/svg+xml;base64,PHN2ZyB3aWR0aD0iMSIgaGVpZ2h0PSIxIiB4bWxucz0iaHR0cDovL3d3dy53My5vcmcvMjAwMC9zdmciPjwvc3ZnPg==\" style=\"--smush-placeholder-width: 720px; --smush-placeholder-aspect-ratio: 720\/720;\" \/><\/figure>\n","protected":false},"excerpt":{"rendered":"<p>Desde varias instituciones se enviaron condolencias por el fallecimiento por el reconocido artista sampedrino. \u00abDesde la Municipalidad de San Pedro expresamos nuestras condolencias a la familia de Juan Jos\u00e9 D\u00b4Est\u00e9fano, destacado artista de nuestra ciudad, referente cultural y social del Barrio Canaletas y constante defensor de nuestra historia.Su huella est\u00e1 marcada en todos los rincones [&hellip;]<\/p>\n","protected":false},"author":4,"featured_media":93005,"comment_status":"open","ping_status":"closed","sticky":false,"template":"","format":"standard","meta":{"om_disable_all_campaigns":false,"_jetpack_memberships_contains_paid_content":false,"footnotes":""},"categories":[50,101,2],"tags":[],"class_list":["post-93004","post","type-post","status-publish","format-standard","has-post-thumbnail","hentry","category-destacadas","category-interes-general-locales","category-locales"],"aioseo_notices":[],"gutentor_comment":0,"jetpack_featured_media_url":"https:\/\/eldiariodesanpedro.com.ar\/sitio\/wp-content\/uploads\/2021\/05\/187385497_4017950458299599_7530556318384913748_n.jpg","jetpack_shortlink":"https:\/\/wp.me\/p6RhLt-oc4","jetpack_sharing_enabled":true,"_links":{"self":[{"href":"https:\/\/eldiariodesanpedro.com.ar\/sitio\/wp-json\/wp\/v2\/posts\/93004","targetHints":{"allow":["GET"]}}],"collection":[{"href":"https:\/\/eldiariodesanpedro.com.ar\/sitio\/wp-json\/wp\/v2\/posts"}],"about":[{"href":"https:\/\/eldiariodesanpedro.com.ar\/sitio\/wp-json\/wp\/v2\/types\/post"}],"author":[{"embeddable":true,"href":"https:\/\/eldiariodesanpedro.com.ar\/sitio\/wp-json\/wp\/v2\/users\/4"}],"replies":[{"embeddable":true,"href":"https:\/\/eldiariodesanpedro.com.ar\/sitio\/wp-json\/wp\/v2\/comments?post=93004"}],"version-history":[{"count":1,"href":"https:\/\/eldiariodesanpedro.com.ar\/sitio\/wp-json\/wp\/v2\/posts\/93004\/revisions"}],"predecessor-version":[{"id":93007,"href":"https:\/\/eldiariodesanpedro.com.ar\/sitio\/wp-json\/wp\/v2\/posts\/93004\/revisions\/93007"}],"wp:featuredmedia":[{"embeddable":true,"href":"https:\/\/eldiariodesanpedro.com.ar\/sitio\/wp-json\/wp\/v2\/media\/93005"}],"wp:attachment":[{"href":"https:\/\/eldiariodesanpedro.com.ar\/sitio\/wp-json\/wp\/v2\/media?parent=93004"}],"wp:term":[{"taxonomy":"category","embeddable":true,"href":"https:\/\/eldiariodesanpedro.com.ar\/sitio\/wp-json\/wp\/v2\/categories?post=93004"},{"taxonomy":"post_tag","embeddable":true,"href":"https:\/\/eldiariodesanpedro.com.ar\/sitio\/wp-json\/wp\/v2\/tags?post=93004"}],"curies":[{"name":"wp","href":"https:\/\/api.w.org\/{rel}","templated":true}]}}