{"id":93001,"date":"2021-05-21T21:27:28","date_gmt":"2021-05-22T00:27:28","guid":{"rendered":"https:\/\/eldiariodesanpedro.com.ar\/sitio\/?p=93001"},"modified":"2021-05-21T21:27:32","modified_gmt":"2021-05-22T00:27:32","slug":"coronavirus-que-nuevas-medidas-economicas-anuncio-provincia","status":"publish","type":"post","link":"https:\/\/eldiariodesanpedro.com.ar\/sitio\/coronavirus-que-nuevas-medidas-economicas-anuncio-provincia\/","title":{"rendered":"Coronavirus: Qu\u00e9 nuevas medidas econ\u00f3micas anunci\u00f3 Provincia"},"content":{"rendered":"<!-- VideographyWP Plugin Message: Automatic video embedding prevented by plugin options. -->\n\n<p>El gobernador anunci\u00f3 una serie de nuevas medidas econ\u00f3micas para menguar el impacto de las restricciones tomadas por los pr\u00f3ximos 9 d\u00edas.<\/p>\n\n\n\n<p>unto al jefe de Gabinete,\u00a0<strong>Carlos Bianco<\/strong>, y al ministro de Salud,\u00a0<strong>Daniel Goll\u00e1n<\/strong>, el\u00a0<strong>gobernador Axel Kicillof<\/strong>\u00a0realiz\u00f3 una conferencia de prensa para anunciar las adhesi\u00f3n de la\u00a0<strong>Provincia<\/strong>\u00a0a las\u00a0<strong>medidas\u00a0<\/strong>de cuidado indicadas por el presidente\u00a0<strong>Alberto Fern\u00e1ndez<\/strong>, e inform\u00f3 las nuevas\u00a0<strong>medidas econ\u00f3micas<\/strong>\u00a0dispuestas para paliar el impacto de las restricciones<\/p>\n\n\n\n<p>El presidente indic\u00f3 ayer que las regiones con Alto riesgo o en Alarma epidemiol\u00f3gica, deber\u00e1n suspender las actividades encon\u00f3micas, sociales, educativas, religiosas y deportivas hasta el 30 de mayo, las cuales afectar\u00e1n a 126 municipios bonaerenses.<\/p>\n\n\n\n<p>Por lo cual, a los diversos programas, moratorias y excepciones fiscales que ya hab\u00eda decretado la Provincia, el gobernador hoy sum\u00f3 nuevas medidas para paliar la dif\u00edcil situaci\u00f3n econ\u00f3mica de los sectores m\u00e1s afectados por la pandemia por coronavirus.<\/p>\n\n\n\n<p>Entre ellas, Kicillof manifest\u00f3 que no se aplicar\u00e1n retenciones por ingresos brutos a salas de teatro y complejos cinematogr\u00e1ficos, discotecas y salones de fiesta, restaurantes y bares en espacios cerrados, establecimientos deportivos, jardines maternales y Centros de Atenci\u00f3n de Desarrollo Infantil; relanzar\u00e1n el Plan Covid-19, un plan de pagos para regularizar deudas impositivas vencidas desde el 1 de enero al 31 de agosto de 2021, respecto a los impuestos de ingresos brutos, inmobiliario b\u00e1sico y automotores; y suspender\u00e1n los embargos judiciales durante junio, julio y agosto.<\/p>\n\n\n\n<p>Tambi\u00e9n, el gobernador indic\u00f3 que desde el ministerio de Producci\u00f3n que conduce Augusto Costa, se va a lanzar un programa de sostenimiento econ\u00f3mico para micro empresas hasta 80 trabajadores y monotributistas, con una asignaci\u00f3n presupuestaria de 2 mil millones de pesos, para los sectores m\u00e1s afectados como gimnasios, jardines maternales, transporte escolar, salones de fiesta y calesitas, restaurantes, bares y clubes nocturnos<\/p>\n\n\n\n<p>A la vez que en la nueva ampliaci\u00f3n del programa Preservar Trabajo, se elimina la incompatibilidad con el ATP, aunque s\u00ed se sostiene con el Repro II, y ampliar\u00e1n la lista de los beneficiarios: transporte; panader\u00edas y confiter\u00edas; muebler\u00edas; jugueter\u00edas; art\u00edculos de librer\u00eda; fabricaci\u00f3n y reparaci\u00f3n de maquinarias; edici\u00f3n e impresi\u00f3n; curtido y cueros.<\/p>\n\n\n\n<p>\u00abCreo que hemos perdido la sensibilidad de lo que son 500, 600 o 700 muertos por d\u00eda, y no podemos hacerlo a\u00fan si no desborda nuestro sistema sanitario\u00bb, expres\u00f3 preocupado el gobernador, y dijo que \u00abtenemos que bajar los contagios, por eso estamos pidiendo ahora este nuevo sacrificio\u00bb.<\/p>\n\n\n\n<p>Adem\u00e1s, manifest\u00f3 que \u00abhay clases en la Provincia de Buenos Aires la semana que viene, lo que se suspendi\u00f3 es la presencialidad. Solo 9 municipios tendr\u00e1n clases presenciales, el resto sigue con la virtualidad.\u00bb<\/p>\n\n\n\n<p>Y agreg\u00f3 que \u00aba\u00fan siendo el pa\u00eds 21 habiendo recibido vacunas\u00bb, se debe hacer un nuevo esfuerzo. \u00abEsta pandemia, a medida que sigamos avanzando con la vacunaci\u00f3n, va a terminar y vamos a avanzar con las transformaciones profundas que anhelamos y todos ustedes merecen\u00bb, concluy\u00f3.<\/p>\n\n\n\n<p><strong>\u00bfC\u00f3mo va el Plan de Vacunaci\u00f3n provincial?<\/strong><\/p>\n\n\n\n<p>Kicillof hizo una importante menci\u00f3n al plan de vacunaci\u00f3n que lleva adelante la Provincia, en el que al d\u00eda de hoy se encuentran vacunados 3.414.376 bonaerenses.<\/p>\n\n\n\n<p>De acuerdo a cada sector priorizado, la Provincia inmuniz\u00f3 al 95.54% del personal de Salud; al 89.81% de los mayores de 70 a\u00f1os; al 95.35% de los mayores de 60 con comorbilidades; al 78.10% de las personas de 60 a 69 a\u00f1os sin comorbilidades; al 63.19% de las persoans entre 50 y 59 con comorbilidades; el 26.34% entre 40 y 49 tambi\u00e9n con comorbilidades; a la mitad del personal docente y no docente; y al 27,60% del personal de seguridad.<\/p>\n\n\n\n<p>Fuente: <a href=\"https:\/\/infocielo.com\/medidas-economicas\/coronavirus-que-nuevas-medidas-economicas-anuncio-provincia-n712292\">Infocielo<\/a><\/p>\n","protected":false},"excerpt":{"rendered":"<p>El gobernador anunci\u00f3 una serie de nuevas medidas econ\u00f3micas para menguar el impacto de las restricciones tomadas por los pr\u00f3ximos 9 d\u00edas. unto al jefe de Gabinete,\u00a0Carlos Bianco, y al ministro de Salud,\u00a0Daniel Goll\u00e1n, el\u00a0gobernador Axel Kicillof\u00a0realiz\u00f3 una conferencia de prensa para anunciar las adhesi\u00f3n de la\u00a0Provincia\u00a0a las\u00a0medidas\u00a0de cuidado indicadas por el presidente\u00a0Alberto Fern\u00e1ndez, e [&hellip;]<\/p>\n","protected":false},"author":4,"featured_media":93002,"comment_status":"open","ping_status":"closed","sticky":false,"template":"","format":"standard","meta":{"om_disable_all_campaigns":false,"_jetpack_memberships_contains_paid_content":false,"footnotes":""},"categories":[621],"tags":[],"class_list":["post-93001","post","type-post","status-publish","format-standard","has-post-thumbnail","hentry","category-regionales"],"aioseo_notices":[],"gutentor_comment":0,"jetpack_featured_media_url":"https:\/\/eldiariodesanpedro.com.ar\/sitio\/wp-content\/uploads\/2021\/05\/que-nuevas-medidas-economicas-dispuso-la-provincia.jpg","jetpack_shortlink":"https:\/\/wp.me\/p6RhLt-oc1","jetpack_sharing_enabled":true,"_links":{"self":[{"href":"https:\/\/eldiariodesanpedro.com.ar\/sitio\/wp-json\/wp\/v2\/posts\/93001","targetHints":{"allow":["GET"]}}],"collection":[{"href":"https:\/\/eldiariodesanpedro.com.ar\/sitio\/wp-json\/wp\/v2\/posts"}],"about":[{"href":"https:\/\/eldiariodesanpedro.com.ar\/sitio\/wp-json\/wp\/v2\/types\/post"}],"author":[{"embeddable":true,"href":"https:\/\/eldiariodesanpedro.com.ar\/sitio\/wp-json\/wp\/v2\/users\/4"}],"replies":[{"embeddable":true,"href":"https:\/\/eldiariodesanpedro.com.ar\/sitio\/wp-json\/wp\/v2\/comments?post=93001"}],"version-history":[{"count":1,"href":"https:\/\/eldiariodesanpedro.com.ar\/sitio\/wp-json\/wp\/v2\/posts\/93001\/revisions"}],"predecessor-version":[{"id":93003,"href":"https:\/\/eldiariodesanpedro.com.ar\/sitio\/wp-json\/wp\/v2\/posts\/93001\/revisions\/93003"}],"wp:featuredmedia":[{"embeddable":true,"href":"https:\/\/eldiariodesanpedro.com.ar\/sitio\/wp-json\/wp\/v2\/media\/93002"}],"wp:attachment":[{"href":"https:\/\/eldiariodesanpedro.com.ar\/sitio\/wp-json\/wp\/v2\/media?parent=93001"}],"wp:term":[{"taxonomy":"category","embeddable":true,"href":"https:\/\/eldiariodesanpedro.com.ar\/sitio\/wp-json\/wp\/v2\/categories?post=93001"},{"taxonomy":"post_tag","embeddable":true,"href":"https:\/\/eldiariodesanpedro.com.ar\/sitio\/wp-json\/wp\/v2\/tags?post=93001"}],"curies":[{"name":"wp","href":"https:\/\/api.w.org\/{rel}","templated":true}]}}