{"id":92998,"date":"2021-05-21T21:17:36","date_gmt":"2021-05-22T00:17:36","guid":{"rendered":"https:\/\/eldiariodesanpedro.com.ar\/sitio\/?p=92998"},"modified":"2021-05-21T21:17:40","modified_gmt":"2021-05-22T00:17:40","slug":"choque-entre-dos-camionetas-en-la-noche-de-hoy","status":"publish","type":"post","link":"https:\/\/eldiariodesanpedro.com.ar\/sitio\/choque-entre-dos-camionetas-en-la-noche-de-hoy\/","title":{"rendered":"Choque entre dos camionetas en la noche de hoy"},"content":{"rendered":"<!-- VideographyWP Plugin Message: Automatic video embedding prevented by plugin options. -->\n\n<p>Se produjo un accidente de transito donde se vieron involucradas dos camionetas y afortunadamente no hubo lesionados.<\/p>\n\n\n\n<p>En la jornada de hoy en la esquina de Rivadavia y Honorio Pueyrred\u00f3n pasadas las 20 hs ocurri\u00f3 un accidente de transito entre dos camionetas una Renault Duster color marr\u00f3n en la que circulaban dos masculinos y una camioneta Chevrolet en la que circulaba otro ciudadano.<\/p>\n\n\n\n<p>Afortunadamente no hubo lesionados, se hizo presente inspecci\u00f3n  y arreglaron entre los conductores.  <\/p>\n","protected":false},"excerpt":{"rendered":"<p>Se produjo un accidente de transito donde se vieron involucradas dos camionetas y afortunadamente no hubo lesionados. En la jornada de hoy en la esquina de Rivadavia y Honorio Pueyrred\u00f3n pasadas las 20 hs ocurri\u00f3 un accidente de transito entre dos camionetas una Renault Duster color marr\u00f3n en la que circulaban dos masculinos y una [&hellip;]<\/p>\n","protected":false},"author":4,"featured_media":92999,"comment_status":"open","ping_status":"closed","sticky":false,"template":"","format":"standard","meta":{"om_disable_all_campaigns":false,"_jetpack_memberships_contains_paid_content":false,"footnotes":""},"categories":[2,103],"tags":[],"class_list":["post-92998","post","type-post","status-publish","format-standard","has-post-thumbnail","hentry","category-locales","category-policiales-locales"],"aioseo_notices":[],"gutentor_comment":0,"jetpack_featured_media_url":"https:\/\/eldiariodesanpedro.com.ar\/sitio\/wp-content\/uploads\/2021\/05\/WhatsApp-Image-2021-05-21-at-20.52.04.jpeg","jetpack_shortlink":"https:\/\/wp.me\/p6RhLt-obY","jetpack_sharing_enabled":true,"_links":{"self":[{"href":"https:\/\/eldiariodesanpedro.com.ar\/sitio\/wp-json\/wp\/v2\/posts\/92998","targetHints":{"allow":["GET"]}}],"collection":[{"href":"https:\/\/eldiariodesanpedro.com.ar\/sitio\/wp-json\/wp\/v2\/posts"}],"about":[{"href":"https:\/\/eldiariodesanpedro.com.ar\/sitio\/wp-json\/wp\/v2\/types\/post"}],"author":[{"embeddable":true,"href":"https:\/\/eldiariodesanpedro.com.ar\/sitio\/wp-json\/wp\/v2\/users\/4"}],"replies":[{"embeddable":true,"href":"https:\/\/eldiariodesanpedro.com.ar\/sitio\/wp-json\/wp\/v2\/comments?post=92998"}],"version-history":[{"count":1,"href":"https:\/\/eldiariodesanpedro.com.ar\/sitio\/wp-json\/wp\/v2\/posts\/92998\/revisions"}],"predecessor-version":[{"id":93000,"href":"https:\/\/eldiariodesanpedro.com.ar\/sitio\/wp-json\/wp\/v2\/posts\/92998\/revisions\/93000"}],"wp:featuredmedia":[{"embeddable":true,"href":"https:\/\/eldiariodesanpedro.com.ar\/sitio\/wp-json\/wp\/v2\/media\/92999"}],"wp:attachment":[{"href":"https:\/\/eldiariodesanpedro.com.ar\/sitio\/wp-json\/wp\/v2\/media?parent=92998"}],"wp:term":[{"taxonomy":"category","embeddable":true,"href":"https:\/\/eldiariodesanpedro.com.ar\/sitio\/wp-json\/wp\/v2\/categories?post=92998"},{"taxonomy":"post_tag","embeddable":true,"href":"https:\/\/eldiariodesanpedro.com.ar\/sitio\/wp-json\/wp\/v2\/tags?post=92998"}],"curies":[{"name":"wp","href":"https:\/\/api.w.org\/{rel}","templated":true}]}}