{"id":92992,"date":"2021-05-21T20:14:44","date_gmt":"2021-05-21T23:14:44","guid":{"rendered":"https:\/\/eldiariodesanpedro.com.ar\/sitio\/?p=92992"},"modified":"2021-05-21T20:14:49","modified_gmt":"2021-05-21T23:14:49","slug":"la-ciudad-adhiere-completamente-a-las-restricciones-de-fase-1-y-no-podran-abrir-comercios-no-esenciales-clubes-entre-otros","status":"publish","type":"post","link":"https:\/\/eldiariodesanpedro.com.ar\/sitio\/la-ciudad-adhiere-completamente-a-las-restricciones-de-fase-1-y-no-podran-abrir-comercios-no-esenciales-clubes-entre-otros\/","title":{"rendered":"La ciudad adhiere completamente a las restricciones de fase 1 y no podr\u00e1n abrir comercios no esenciales, clubes, entre otros"},"content":{"rendered":"<!-- VideographyWP Plugin Message: Automatic video embedding prevented by plugin options. -->\n\n<p>A la espera del DNU del gobierno nacional y la resoluci\u00f3n provincial correspondientes, y ante la infinidad de consultas particulares de cada actividad o servicio, que no pueden tener respuestas totalmente precisas, la Municipalidad de San Pedro informa que por ser un distrito de Fase 2 (alarma epidemiol\u00f3gica), en nuestro territorio, rigen desde las 00 de hoy y hasta domingo 30 de mayo, las siguientes medidas generales que se aplican adem\u00e1s en 126 de los 135 municipios de la Provincia de Buenos Aires.<\/p>\n\n\n\n<ul class=\"wp-block-list\"><li>Quedan suspendidas todas las actividades sociales, econ\u00f3micas, educativas, religiosas y deportivas en forma presencial.<\/li><li>S\u00f3lo se podr\u00e1 circular en las cercan\u00edas del domicilio, entre las 6 y las 18hs. Estar\u00e1n habilitados en ese horario, s\u00f3lo los comercios esenciales (alimentos, higiene personal, limpieza, farmacias, ferreter\u00edas, veterinarias, venta de combustible), comercios con env\u00edo a domicilio y para llevar.*<\/li><li>La medida se extender\u00e1 por 9 d\u00edas y s\u00f3lo involucra 3 d\u00edas h\u00e1biles ya que el 24 es feriado puente y el 25 feriado nacional.<\/li><li>No est\u00e1 autorizado el movimiento tur\u00edstico y los clubes deber\u00e1n estar cerrados en este periodo, quedando adem\u00e1s prohibido el uso de los espacios p\u00fablicos como plazas o sectores de la costanera.<\/li><li>En esta etapa de confinamiento, desde el mi\u00e9rcoles 26 al viernes 28 de mayo, el palacio municipal trabajar\u00e1 a puertas cerradas, a fines de garantizar la continuidad de funcionamiento de la administraci\u00f3n p\u00fablica.<\/li><li>Respecto a las actividades sobre las que no se tiene a\u00fan informaci\u00f3n detallada, cuando se reciba el cuadro de actualizado se pondr\u00e1 a disposici\u00f3n para su descarga en el sitio web oficial www.sanpedro.gob.ar y se compartir\u00e1 con todos los medios de comunicaci\u00f3n.<\/li><\/ul>\n\n\n\n<p>A m\u00e1s de un a\u00f1o de la Pandemia, todos sabemos cu\u00e1ndo nos exponemos m\u00e1s al contagio y cuando estamos m\u00e1s protegidos, por lo tanto, la responsabilidad y el auto cuidado personal no se pueden transferir plenamente a terceros ni reducir a un reglamento de restricciones que, lamentablemente, son sujeto de interpretaciones dif\u00edciles de equilibrar.<\/p>\n\n\n\n<p>Las medidas anunciadas, intentan volver a generarnos como sociedad una actitud reflexiva y solidaria para que ante este momento cr\u00edtico, cada uno haga un an\u00e1lisis particular de las reales necesidades de asumir los riesgos, m\u00e1s all\u00e1 de los controles y regulaciones temporales que se imponen.<\/p>\n","protected":false},"excerpt":{"rendered":"<p>A la espera del DNU del gobierno nacional y la resoluci\u00f3n provincial correspondientes, y ante la infinidad de consultas particulares de cada actividad o servicio, que no pueden tener respuestas totalmente precisas, la Municipalidad de San Pedro informa que por ser un distrito de Fase 2 (alarma epidemiol\u00f3gica), en nuestro territorio, rigen desde las 00 [&hellip;]<\/p>\n","protected":false},"author":4,"featured_media":71654,"comment_status":"open","ping_status":"closed","sticky":false,"template":"","format":"standard","meta":{"om_disable_all_campaigns":false,"_jetpack_memberships_contains_paid_content":false,"footnotes":""},"categories":[50,101,2],"tags":[],"class_list":["post-92992","post","type-post","status-publish","format-standard","has-post-thumbnail","hentry","category-destacadas","category-interes-general-locales","category-locales"],"aioseo_notices":[],"gutentor_comment":0,"jetpack_featured_media_url":"https:\/\/eldiariodesanpedro.com.ar\/sitio\/wp-content\/uploads\/2020\/04\/DSC_0026-scaled.jpg","jetpack_shortlink":"https:\/\/wp.me\/p6RhLt-obS","jetpack_sharing_enabled":true,"_links":{"self":[{"href":"https:\/\/eldiariodesanpedro.com.ar\/sitio\/wp-json\/wp\/v2\/posts\/92992","targetHints":{"allow":["GET"]}}],"collection":[{"href":"https:\/\/eldiariodesanpedro.com.ar\/sitio\/wp-json\/wp\/v2\/posts"}],"about":[{"href":"https:\/\/eldiariodesanpedro.com.ar\/sitio\/wp-json\/wp\/v2\/types\/post"}],"author":[{"embeddable":true,"href":"https:\/\/eldiariodesanpedro.com.ar\/sitio\/wp-json\/wp\/v2\/users\/4"}],"replies":[{"embeddable":true,"href":"https:\/\/eldiariodesanpedro.com.ar\/sitio\/wp-json\/wp\/v2\/comments?post=92992"}],"version-history":[{"count":1,"href":"https:\/\/eldiariodesanpedro.com.ar\/sitio\/wp-json\/wp\/v2\/posts\/92992\/revisions"}],"predecessor-version":[{"id":92993,"href":"https:\/\/eldiariodesanpedro.com.ar\/sitio\/wp-json\/wp\/v2\/posts\/92992\/revisions\/92993"}],"wp:featuredmedia":[{"embeddable":true,"href":"https:\/\/eldiariodesanpedro.com.ar\/sitio\/wp-json\/wp\/v2\/media\/71654"}],"wp:attachment":[{"href":"https:\/\/eldiariodesanpedro.com.ar\/sitio\/wp-json\/wp\/v2\/media?parent=92992"}],"wp:term":[{"taxonomy":"category","embeddable":true,"href":"https:\/\/eldiariodesanpedro.com.ar\/sitio\/wp-json\/wp\/v2\/categories?post=92992"},{"taxonomy":"post_tag","embeddable":true,"href":"https:\/\/eldiariodesanpedro.com.ar\/sitio\/wp-json\/wp\/v2\/tags?post=92992"}],"curies":[{"name":"wp","href":"https:\/\/api.w.org\/{rel}","templated":true}]}}