{"id":92753,"date":"2021-05-18T12:16:50","date_gmt":"2021-05-18T15:16:50","guid":{"rendered":"https:\/\/eldiariodesanpedro.com.ar\/sitio\/?p=92753"},"modified":"2021-05-18T12:16:54","modified_gmt":"2021-05-18T15:16:54","slug":"en-san-pedro-se-detecto-la-cepa-britanica-pero-aseguran-que-podria-estar-circulando-la-cepa-de-manaos-y-andina","status":"publish","type":"post","link":"https:\/\/eldiariodesanpedro.com.ar\/sitio\/en-san-pedro-se-detecto-la-cepa-britanica-pero-aseguran-que-podria-estar-circulando-la-cepa-de-manaos-y-andina\/","title":{"rendered":"En San Pedro se detect\u00f3 la cepa brit\u00e1nica pero aseguran que podr\u00eda estar circulando la cepa de Manaos y Andina"},"content":{"rendered":"<!-- VideographyWP Plugin Message: Automatic video embedding prevented by plugin options. -->\n\n<p>Durante la conferencia de prensa realizada en la jornada de ayer en el despacho del Intendente Cecilio Salazar el Secretario de Salud, Dr. Creaus inform\u00f3 que la cepa Brit\u00e1nica descubierta fue hisopada el pasado 22 de abril de mayo por lo que asegura que esta mutaci\u00f3n del virus es muy probable que se encuentre circulando en nuestra ciudad.<\/p>\n\n\n\n<p>Adem\u00e1s coment\u00f3 que en varias ciudades pertenecientes a la Regi\u00f3n Sanitaria 4 se pudo descubrir la variante de Manaos y la variante andina, por lo que no descartan que en nuestra ciudad tambi\u00e9n est\u00e1n circulando dichas cepas.&nbsp;&nbsp;<\/p>\n\n\n\n<p><strong>Cepa de Manaos: qu\u00e9 es una variante, qu\u00e9 s\u00edntomas produce y c\u00f3mo lleg\u00f3 a Argentina<\/strong><\/p>\n\n\n\n<p>\u00bfDe d\u00f3nde procede?<br>La cepa de Manaos proviene de la capital del Amazonas, Manaos, y se descubri\u00f3 en noviembre del 2020. Este fin de semana en Buenos Aires se not\u00f3 un ligero aumento de consultas debido a esta nueva variante. \u00abYa detectamos personas con la variante de manaos en la provincia de Buenos Aires, en la Ciudad tambi\u00e9n\u00bb, dijo el gobernador de Buenos Aires, Axel Kicillof.&nbsp;<\/p>\n\n\n\n<p>\u00bfQu\u00e9 es una variante?<br>Un virus cambia constantemente mediante la mutaci\u00f3n provocando que aparezcan nuevas variantes del virus. La Covid-19 pertenece a una gran familia de virus conocida como coronavirus y cuyo nombre surge a partir de los picos en forma de corona que se encuentran en la superficie. La \u00faltima variante en surgir es la que surgi\u00f3 a finales de 2020 en Manaos.<br>La cepa de Manaos es capaz de infectar a personas que ya pasaron el virus anteriormente y su carga viral puede llegar a ser 10 veces mayor que la normal, es decir, los efectos pueden presentarse de forma m\u00e1s intensa en el paciente.<\/p>\n\n\n\n<p><strong>Cepa Andina \u00bfcu\u00e1l es la diferencia?<\/strong><\/p>\n\n\n\n<p>Su nombre cient\u00edfico es C.37, pero se la llama \u201cvariante andina\u201d y ya fue detectada en Argentina, Per\u00fa, Colombia, Ecuador, Chile, Estados Unidos y Brasil. Un especialista da detalles de la cepa que preocupa a Latinoam\u00e9rica<\/p>\n\n\n\n<p>El doctor en microbiolog\u00eda molecular Pablo Tsukayama, quien integra el equipo que estudia esta nueva modificaci\u00f3n gen\u00e9tica del virus anunci\u00f3 a trav\u00e9s de su cuenta de Twitter que esta semana \u201creportamos la identificaci\u00f3n de un nuevo linaje (variante) de SARS-CoV-2 que parece expandirse r\u00e1pidamente en Per\u00fa y Chile. Le llamamos C.37\u201d. El hallazgo fue publicado en el sitio web <a href=\"http:\/\/virological.org\/\">http:\/\/virological.org<\/a>, donde vir\u00f3logos de todo el mundo suman sus investigaciones.<\/p>\n\n\n\n<p>Asimismo, Tsukayama enumer\u00f3 las tres diferencias que se observaron con respecto al resto de las variantes que circulan en la regi\u00f3n: \u201c1) Tiene una deleci\u00f3n que ya hemos visto en las variantes de preocupaci\u00f3n, como la brit\u00e1nica, la de Sud\u00e1frica y la de Manaos. 2) Presenta mutaciones que podr\u00edan ayudarle a evadir la neutralizaci\u00f3n por anticuerpos. 3) Preocupa su r\u00e1pido crecimiento en Lima\u201d.<\/p>\n","protected":false},"excerpt":{"rendered":"<p>Durante la conferencia de prensa realizada en la jornada de ayer en el despacho del Intendente Cecilio Salazar el Secretario de Salud, Dr. Creaus inform\u00f3 que la cepa Brit\u00e1nica descubierta fue hisopada el pasado 22 de abril de mayo por lo que asegura que esta mutaci\u00f3n del virus es muy probable que se encuentre circulando [&hellip;]<\/p>\n","protected":false},"author":4,"featured_media":92754,"comment_status":"open","ping_status":"closed","sticky":false,"template":"","format":"standard","meta":{"om_disable_all_campaigns":false,"_jetpack_memberships_contains_paid_content":false,"footnotes":""},"categories":[50,101,2],"tags":[],"class_list":["post-92753","post","type-post","status-publish","format-standard","has-post-thumbnail","hentry","category-destacadas","category-interes-general-locales","category-locales"],"aioseo_notices":[],"gutentor_comment":0,"jetpack_featured_media_url":"https:\/\/eldiariodesanpedro.com.ar\/sitio\/wp-content\/uploads\/2021\/05\/1618491112_254683_1618491536_noticia_normal_recorte1.jpg","jetpack_shortlink":"https:\/\/wp.me\/p6RhLt-o81","jetpack_sharing_enabled":true,"_links":{"self":[{"href":"https:\/\/eldiariodesanpedro.com.ar\/sitio\/wp-json\/wp\/v2\/posts\/92753","targetHints":{"allow":["GET"]}}],"collection":[{"href":"https:\/\/eldiariodesanpedro.com.ar\/sitio\/wp-json\/wp\/v2\/posts"}],"about":[{"href":"https:\/\/eldiariodesanpedro.com.ar\/sitio\/wp-json\/wp\/v2\/types\/post"}],"author":[{"embeddable":true,"href":"https:\/\/eldiariodesanpedro.com.ar\/sitio\/wp-json\/wp\/v2\/users\/4"}],"replies":[{"embeddable":true,"href":"https:\/\/eldiariodesanpedro.com.ar\/sitio\/wp-json\/wp\/v2\/comments?post=92753"}],"version-history":[{"count":1,"href":"https:\/\/eldiariodesanpedro.com.ar\/sitio\/wp-json\/wp\/v2\/posts\/92753\/revisions"}],"predecessor-version":[{"id":92755,"href":"https:\/\/eldiariodesanpedro.com.ar\/sitio\/wp-json\/wp\/v2\/posts\/92753\/revisions\/92755"}],"wp:featuredmedia":[{"embeddable":true,"href":"https:\/\/eldiariodesanpedro.com.ar\/sitio\/wp-json\/wp\/v2\/media\/92754"}],"wp:attachment":[{"href":"https:\/\/eldiariodesanpedro.com.ar\/sitio\/wp-json\/wp\/v2\/media?parent=92753"}],"wp:term":[{"taxonomy":"category","embeddable":true,"href":"https:\/\/eldiariodesanpedro.com.ar\/sitio\/wp-json\/wp\/v2\/categories?post=92753"},{"taxonomy":"post_tag","embeddable":true,"href":"https:\/\/eldiariodesanpedro.com.ar\/sitio\/wp-json\/wp\/v2\/tags?post=92753"}],"curies":[{"name":"wp","href":"https:\/\/api.w.org\/{rel}","templated":true}]}}