{"id":92749,"date":"2021-05-18T11:53:16","date_gmt":"2021-05-18T14:53:16","guid":{"rendered":"https:\/\/eldiariodesanpedro.com.ar\/sitio\/?p=92749"},"modified":"2021-05-18T11:53:20","modified_gmt":"2021-05-18T14:53:20","slug":"la-ciudad-se-encuentra-sin-camas-con-respirador-y-debieron-derivar-a-dos-personas","status":"publish","type":"post","link":"https:\/\/eldiariodesanpedro.com.ar\/sitio\/la-ciudad-se-encuentra-sin-camas-con-respirador-y-debieron-derivar-a-dos-personas\/","title":{"rendered":"La ciudad se encuentra sin camas con respirador y debieron derivar a dos personas"},"content":{"rendered":"<!-- VideographyWP Plugin Message: Automatic video embedding prevented by plugin options. -->\n\n<p>Anoche en conferencia de prensa fueron confirmados por el personal del ejecutivo nuestra ciudad se encuentra complicado el sistema de internaci\u00f3n en los establecimientos de salud.<\/p>\n\n\n\n<p>El Dr. Creus, Secretario de Salud confirmo en la conferencia de prensa otorgada el d\u00eda de ayer a los medios la situaci\u00f3n del sistema de camas de nuestra ciudad, donde comento que en este momento el sistema de salud no estar\u00eda contando con camas con respiradores por lo que se debi\u00f3 derivar dos personas a la ciudad de Salto.<\/p>\n\n\n\n<p>Por parte de los responsables de la Regi\u00f3n Sanitaria Cuarta informaron que no solo San Pedro se encuentra en estado de alerta y al borde del colapso sino toda la regi\u00f3n. <\/p>\n","protected":false},"excerpt":{"rendered":"<p>Anoche en conferencia de prensa fueron confirmados por el personal del ejecutivo nuestra ciudad se encuentra complicado el sistema de internaci\u00f3n en los establecimientos de salud. El Dr. Creus, Secretario de Salud confirmo en la conferencia de prensa otorgada el d\u00eda de ayer a los medios la situaci\u00f3n del sistema de camas de nuestra ciudad, [&hellip;]<\/p>\n","protected":false},"author":4,"featured_media":77887,"comment_status":"open","ping_status":"closed","sticky":false,"template":"","format":"standard","meta":{"om_disable_all_campaigns":false,"_jetpack_memberships_contains_paid_content":false,"footnotes":""},"categories":[2],"tags":[],"class_list":["post-92749","post","type-post","status-publish","format-standard","has-post-thumbnail","hentry","category-locales"],"aioseo_notices":[],"gutentor_comment":0,"jetpack_featured_media_url":"https:\/\/eldiariodesanpedro.com.ar\/sitio\/wp-content\/uploads\/2020\/07\/coronavirus-internado-708x510-1.jpg","jetpack_shortlink":"https:\/\/wp.me\/p6RhLt-o7X","jetpack_sharing_enabled":true,"_links":{"self":[{"href":"https:\/\/eldiariodesanpedro.com.ar\/sitio\/wp-json\/wp\/v2\/posts\/92749","targetHints":{"allow":["GET"]}}],"collection":[{"href":"https:\/\/eldiariodesanpedro.com.ar\/sitio\/wp-json\/wp\/v2\/posts"}],"about":[{"href":"https:\/\/eldiariodesanpedro.com.ar\/sitio\/wp-json\/wp\/v2\/types\/post"}],"author":[{"embeddable":true,"href":"https:\/\/eldiariodesanpedro.com.ar\/sitio\/wp-json\/wp\/v2\/users\/4"}],"replies":[{"embeddable":true,"href":"https:\/\/eldiariodesanpedro.com.ar\/sitio\/wp-json\/wp\/v2\/comments?post=92749"}],"version-history":[{"count":1,"href":"https:\/\/eldiariodesanpedro.com.ar\/sitio\/wp-json\/wp\/v2\/posts\/92749\/revisions"}],"predecessor-version":[{"id":92750,"href":"https:\/\/eldiariodesanpedro.com.ar\/sitio\/wp-json\/wp\/v2\/posts\/92749\/revisions\/92750"}],"wp:featuredmedia":[{"embeddable":true,"href":"https:\/\/eldiariodesanpedro.com.ar\/sitio\/wp-json\/wp\/v2\/media\/77887"}],"wp:attachment":[{"href":"https:\/\/eldiariodesanpedro.com.ar\/sitio\/wp-json\/wp\/v2\/media?parent=92749"}],"wp:term":[{"taxonomy":"category","embeddable":true,"href":"https:\/\/eldiariodesanpedro.com.ar\/sitio\/wp-json\/wp\/v2\/categories?post=92749"},{"taxonomy":"post_tag","embeddable":true,"href":"https:\/\/eldiariodesanpedro.com.ar\/sitio\/wp-json\/wp\/v2\/tags?post=92749"}],"curies":[{"name":"wp","href":"https:\/\/api.w.org\/{rel}","templated":true}]}}