{"id":92746,"date":"2021-05-18T11:33:35","date_gmt":"2021-05-18T14:33:35","guid":{"rendered":"https:\/\/eldiariodesanpedro.com.ar\/sitio\/?p=92746"},"modified":"2021-05-18T11:33:39","modified_gmt":"2021-05-18T14:33:39","slug":"san-pedro-y-pergamino-confirmados-por-el-jefe-de-gabinete-carlos-bianco-que-pasan-a-fase-2","status":"publish","type":"post","link":"https:\/\/eldiariodesanpedro.com.ar\/sitio\/san-pedro-y-pergamino-confirmados-por-el-jefe-de-gabinete-carlos-bianco-que-pasan-a-fase-2\/","title":{"rendered":"San Pedro y Pergamino confirmados por el Jefe de Gabinete Carlos Bianco que pasan a fase 2"},"content":{"rendered":"<!-- VideographyWP Plugin Message: Automatic video embedding prevented by plugin options. -->\n\n<p>El Jefe de Gabinete Carlos Bianco, dio cuenta del sistema de fases en los municipios y se\u00f1al\u00f3 que no hay ninguna modificaci\u00f3n en las actividades y las medidas de cuidados. Asimismo recalc\u00f3 que siguen adaptados a los lineamientos del Gobierno nacional<\/p>\n\n\n\n<p>A su turno, el Jefe de Gabinete Carlos Bianco, dio cuenta del sistema de fases en los municipios y se\u00f1al\u00f3 que no hay ninguna modificaci\u00f3n en las actividades y las medidas de cuidados. Asimismo recalc\u00f3 que siguen adaptados a los lineamientos del Gobierno nacional.<\/p>\n\n\n\n<p>En referencia a los movimientos de los distritos coment\u00f3 la actualizaci\u00f3n, \u00abante la gravedad de la situaci\u00f3n que nos comentaban algunos intendentes del interior\u00bb. De esta manera puntualiz\u00f3 en los distritos que pasan a fase 2 y enumer\u00f3 que \u00a0son Adolfo Alsina, Alberti, Coronel Su\u00e1rez, Pergamino y San Pedro. Un solo distrito se mueve de fase 2 a fase 3 y es Bah\u00eda Blanca.\u00a0<\/p>\n\n\n\n<p>Por otra parte los distritos que pasan de fase 4 a fase 3 seg\u00fan los indicadores son: Arrecifes, Ayacucho, Capit\u00e1n Sarmiento, General Guido, General Madariaga, General Pinto, General Viamonte, Guamin\u00ed, Laprida, Lezama, Lobos, Patagones, Pellegrini y Ramallo. En tanto, San Cayetano pasa de fase 3 a fase 4. \u00a0<\/p>\n\n\n\n<p>En este sentido, el funcionario provincial se\u00f1al\u00f3 que mantendr\u00e1n un reuni\u00f3n en Casa rosada con las autoridades de la Naci\u00f3n y la Ciudad Aut\u00f3noma de Buenos Aires a las 15 horas en donde para repasar la situaci\u00f3n sanitaria, hacer un diagn\u00f3stico de las principales variables respecto a la progresi\u00f3n del coronavirus y el sistema sanitario a pocos d\u00edas de vencer la fecha dispuesta por el decreto nacional. \u00abHoy no vamos a tomar ninguna medida en esa reuni\u00f3n\u00bb dej\u00f3 en claro Bianco.<\/p>\n\n\n\n<p>Sobre en endurecimiento de restricciones en el transporte: \u00abLo estamos haciendo permanentemente y lo est\u00e1 haciendo el gobierno nacional en los que son regulados por ellos, como son los trenes\u00bb.\u00a0<\/p>\n\n\n\n<p><strong>Fase 2 (59 municipios)<\/strong><br>Bajaron a esta fase Alsina, Alberti, Su\u00e1rez, Pergamino y San Pedro<\/p>\n\n\n\n<p><strong>Fase 3 (66 municipios)<\/strong><br>Subi\u00f3 a esta fase Bah\u00eda Blanca.<\/p>\n\n\n\n<p><strong>Fase 4 (10 municipios)<\/strong><br>Sube a esta fase San Cayetano<\/p>\n\n\n\n<p><br>En referencia al proceso de compras de vacunas por parte de la Provincia. \u00abNos pusimos a trabajar , como nos instruy\u00f3 el gobernador en tratar de conseguir para la Provincia y para el pa\u00eds para ayudar al gobierno nacional a conseguir todas las vacunas que haya disponible de todos los or\u00edgenes y todos los laboratorios, siempre y cuando se traten de vacunas que se encuentren aprobadas y certificadas por nuestras autoridades\u00bb coment\u00f3 Bianco.<\/p>\n\n\n\n<p>\u00abHasta la fecha hemos entablado no menos de veinte contactos para conseguir otras vacunas\u00bb dijo el Jefe de Gabinete.\u00a0<br><br>\u00abNosotros siempre lo hacemos de forma coordinada con el gobierno nacional y las vacunas que negociamos son contactos que elevamos al gobierno nacional y los trabajamos en conjunto\u00bb puntualiz\u00f3.\u00a0<\/p>\n\n\n\n<p>Fuente: La Tecla <\/p>\n\n\n\n<p><\/p>\n","protected":false},"excerpt":{"rendered":"<p>El Jefe de Gabinete Carlos Bianco, dio cuenta del sistema de fases en los municipios y se\u00f1al\u00f3 que no hay ninguna modificaci\u00f3n en las actividades y las medidas de cuidados. Asimismo recalc\u00f3 que siguen adaptados a los lineamientos del Gobierno nacional A su turno, el Jefe de Gabinete Carlos Bianco, dio cuenta del sistema de [&hellip;]<\/p>\n","protected":false},"author":4,"featured_media":92747,"comment_status":"open","ping_status":"closed","sticky":false,"template":"","format":"standard","meta":{"om_disable_all_campaigns":false,"_jetpack_memberships_contains_paid_content":false,"footnotes":""},"categories":[50,101,2],"tags":[],"class_list":["post-92746","post","type-post","status-publish","format-standard","has-post-thumbnail","hentry","category-destacadas","category-interes-general-locales","category-locales"],"aioseo_notices":[],"gutentor_comment":0,"jetpack_featured_media_url":"https:\/\/eldiariodesanpedro.com.ar\/sitio\/wp-content\/uploads\/2021\/05\/128435_3.jpg","jetpack_shortlink":"https:\/\/wp.me\/p6RhLt-o7U","jetpack_sharing_enabled":true,"_links":{"self":[{"href":"https:\/\/eldiariodesanpedro.com.ar\/sitio\/wp-json\/wp\/v2\/posts\/92746","targetHints":{"allow":["GET"]}}],"collection":[{"href":"https:\/\/eldiariodesanpedro.com.ar\/sitio\/wp-json\/wp\/v2\/posts"}],"about":[{"href":"https:\/\/eldiariodesanpedro.com.ar\/sitio\/wp-json\/wp\/v2\/types\/post"}],"author":[{"embeddable":true,"href":"https:\/\/eldiariodesanpedro.com.ar\/sitio\/wp-json\/wp\/v2\/users\/4"}],"replies":[{"embeddable":true,"href":"https:\/\/eldiariodesanpedro.com.ar\/sitio\/wp-json\/wp\/v2\/comments?post=92746"}],"version-history":[{"count":1,"href":"https:\/\/eldiariodesanpedro.com.ar\/sitio\/wp-json\/wp\/v2\/posts\/92746\/revisions"}],"predecessor-version":[{"id":92748,"href":"https:\/\/eldiariodesanpedro.com.ar\/sitio\/wp-json\/wp\/v2\/posts\/92746\/revisions\/92748"}],"wp:featuredmedia":[{"embeddable":true,"href":"https:\/\/eldiariodesanpedro.com.ar\/sitio\/wp-json\/wp\/v2\/media\/92747"}],"wp:attachment":[{"href":"https:\/\/eldiariodesanpedro.com.ar\/sitio\/wp-json\/wp\/v2\/media?parent=92746"}],"wp:term":[{"taxonomy":"category","embeddable":true,"href":"https:\/\/eldiariodesanpedro.com.ar\/sitio\/wp-json\/wp\/v2\/categories?post=92746"},{"taxonomy":"post_tag","embeddable":true,"href":"https:\/\/eldiariodesanpedro.com.ar\/sitio\/wp-json\/wp\/v2\/tags?post=92746"}],"curies":[{"name":"wp","href":"https:\/\/api.w.org\/{rel}","templated":true}]}}