{"id":92743,"date":"2021-05-18T11:27:38","date_gmt":"2021-05-18T14:27:38","guid":{"rendered":"https:\/\/eldiariodesanpedro.com.ar\/sitio\/?p=92743"},"modified":"2021-05-18T11:27:43","modified_gmt":"2021-05-18T14:27:43","slug":"el-museo-historico-san-pedro-recuerda-el-dia-internacional-de-los-museos","status":"publish","type":"post","link":"https:\/\/eldiariodesanpedro.com.ar\/sitio\/el-museo-historico-san-pedro-recuerda-el-dia-internacional-de-los-museos\/","title":{"rendered":"El Museo Hist\u00f3rico San Pedro recuerda el D\u00eda Internacional de los Museos"},"content":{"rendered":"<!-- VideographyWP Plugin Message: Automatic video embedding prevented by plugin options. -->\n\n<p>Desde 1977, cada 18 de mayo, se celebra el D\u00eda Internacional de los Museos. Es el Consejo Internacional de Museos el que coordina la celebraci\u00f3n, de la que este a\u00f1o participar\u00e1n 37.000 museos y m\u00e1s de 158 pa\u00edses. En 2021, el lema es<em>&nbsp;\u201cEl futuro de los museos: RECUPERAR Y REIMAGINAR\u201d&nbsp;<\/em>con la consigna de&nbsp;<em>\u00abrepensar e imaginar los museos en el futuro, y compartir nuevas pr\u00e1cticas de creaci\u00f3n de valor y gesti\u00f3n\u00bb.<\/em><\/p>\n\n\n\n<p>Alineados en estos mismos objetivos, el Museo Hist\u00f3rico de San Pedro \u00abFray Jos\u00e9 Mar\u00eda Bottaro\u00bb invita a la comunidad de socios, adherentes y vecinos a visitar el Canal de YouTube Institucional y disfrutar del material audiovisual all\u00ed disponible.<\/p>\n\n\n\n<p><a href=\"https:\/\/www.youtube.com\/channel\/UCnt1iUgSm24jX6wG2rGHY2w\/videos\">https:\/\/www.youtube.com\/channel\/UCnt1iUgSm24jX6wG2rGHY2w\/videos<\/a><\/p>\n\n\n\n<p>El pase a Fase 2 no nos permitir\u00e1 recibirlos f\u00edsicamente para que recorran las instalaciones y visiten la recientemente inaugurada muestra \u201cPintando Patria\u201d, pero el uso de las redes sociales y los canales alternativos de comunicaci\u00f3n nos dejar\u00e1n seguir estando cerca.<\/p>\n\n\n\n<p>Un saludo muy especial para todos los museos del partido de San Pedro y quienes colaboran en su mantenimiento y preservaci\u00f3n. Atte.-<\/p>\n","protected":false},"excerpt":{"rendered":"<p>Desde 1977, cada 18 de mayo, se celebra el D\u00eda Internacional de los Museos. Es el Consejo Internacional de Museos el que coordina la celebraci\u00f3n, de la que este a\u00f1o participar\u00e1n 37.000 museos y m\u00e1s de 158 pa\u00edses. En 2021, el lema es&nbsp;\u201cEl futuro de los museos: RECUPERAR Y REIMAGINAR\u201d&nbsp;con la consigna de&nbsp;\u00abrepensar e imaginar [&hellip;]<\/p>\n","protected":false},"author":4,"featured_media":92744,"comment_status":"open","ping_status":"closed","sticky":false,"template":"","format":"standard","meta":{"om_disable_all_campaigns":false,"_jetpack_memberships_contains_paid_content":false,"footnotes":""},"categories":[2],"tags":[],"class_list":["post-92743","post","type-post","status-publish","format-standard","has-post-thumbnail","hentry","category-locales"],"aioseo_notices":[],"gutentor_comment":0,"jetpack_featured_media_url":"https:\/\/eldiariodesanpedro.com.ar\/sitio\/wp-content\/uploads\/2021\/05\/museo_historico-1.jpg","jetpack_shortlink":"https:\/\/wp.me\/p6RhLt-o7R","jetpack_sharing_enabled":true,"_links":{"self":[{"href":"https:\/\/eldiariodesanpedro.com.ar\/sitio\/wp-json\/wp\/v2\/posts\/92743","targetHints":{"allow":["GET"]}}],"collection":[{"href":"https:\/\/eldiariodesanpedro.com.ar\/sitio\/wp-json\/wp\/v2\/posts"}],"about":[{"href":"https:\/\/eldiariodesanpedro.com.ar\/sitio\/wp-json\/wp\/v2\/types\/post"}],"author":[{"embeddable":true,"href":"https:\/\/eldiariodesanpedro.com.ar\/sitio\/wp-json\/wp\/v2\/users\/4"}],"replies":[{"embeddable":true,"href":"https:\/\/eldiariodesanpedro.com.ar\/sitio\/wp-json\/wp\/v2\/comments?post=92743"}],"version-history":[{"count":1,"href":"https:\/\/eldiariodesanpedro.com.ar\/sitio\/wp-json\/wp\/v2\/posts\/92743\/revisions"}],"predecessor-version":[{"id":92745,"href":"https:\/\/eldiariodesanpedro.com.ar\/sitio\/wp-json\/wp\/v2\/posts\/92743\/revisions\/92745"}],"wp:featuredmedia":[{"embeddable":true,"href":"https:\/\/eldiariodesanpedro.com.ar\/sitio\/wp-json\/wp\/v2\/media\/92744"}],"wp:attachment":[{"href":"https:\/\/eldiariodesanpedro.com.ar\/sitio\/wp-json\/wp\/v2\/media?parent=92743"}],"wp:term":[{"taxonomy":"category","embeddable":true,"href":"https:\/\/eldiariodesanpedro.com.ar\/sitio\/wp-json\/wp\/v2\/categories?post=92743"},{"taxonomy":"post_tag","embeddable":true,"href":"https:\/\/eldiariodesanpedro.com.ar\/sitio\/wp-json\/wp\/v2\/tags?post=92743"}],"curies":[{"name":"wp","href":"https:\/\/api.w.org\/{rel}","templated":true}]}}