{"id":92735,"date":"2021-05-18T11:09:06","date_gmt":"2021-05-18T14:09:06","guid":{"rendered":"https:\/\/eldiariodesanpedro.com.ar\/sitio\/?p=92735"},"modified":"2021-05-18T11:22:21","modified_gmt":"2021-05-18T14:22:21","slug":"un-joven-de-16-anos-aprehendido-por-golpear-a-su-madre-ademas-se-le-secuestraron-dolares-y-replicas-de-armas","status":"publish","type":"post","link":"https:\/\/eldiariodesanpedro.com.ar\/sitio\/un-joven-de-16-anos-aprehendido-por-golpear-a-su-madre-ademas-se-le-secuestraron-dolares-y-replicas-de-armas\/","title":{"rendered":"Un joven de 16 a\u00f1os aprehendido por golpear a su madre, adem\u00e1s se le secuestraron d\u00f3lares y  replicas de armas"},"content":{"rendered":"<!-- VideographyWP Plugin Message: Automatic video embedding prevented by plugin options. -->\n\n<p>El dia de hoy en horas de la madrugada el personal policial en Italia 800 procede a la aprehension de masculino de 16 a\u00f1os quien momentos antes en medio de discusi\u00f3n agrede a su progenitora una mujer de 36 a\u00f1os de edad,&nbsp; quien sufri\u00f3 lesiones leves, as\u00ed mismo en lugar se procede al secuestro de rifle aire comprimido, r\u00e9plica pistola a gas comprimido y d\u00f3lares 7 billetes de 100 d\u00f3lares, efectos estos los cuales la v\u00edctima dice desconocer su procedencia.<\/p>\n\n\n\n<p>La mujer radic\u00f3 la correspondiente denuncia asistida en comisar\u00eda la mujer local, intervino la justicia juvenil de San Nicol\u00e1s, solicit\u00f3 difusi\u00f3n efectos secuestrados por posibles damnificados.<\/p>\n\n\n\n<figure class=\"wp-block-image size-large\"><img decoding=\"async\" width=\"1024\" height=\"576\" data-attachment-id=\"92737\" data-permalink=\"https:\/\/eldiariodesanpedro.com.ar\/sitio\/un-joven-de-16-anos-aprehendido-por-golpear-a-su-madre-ademas-se-le-secuestraron-dolares-y-replicas-de-armas\/whatsapp-image-2021-05-18-at-10-24-31\/\" data-orig-file=\"https:\/\/eldiariodesanpedro.com.ar\/sitio\/wp-content\/uploads\/2021\/05\/WhatsApp-Image-2021-05-18-at-10.24.31.jpeg\" data-orig-size=\"1280,720\" data-comments-opened=\"1\" data-image-meta=\"{&quot;aperture&quot;:&quot;0&quot;,&quot;credit&quot;:&quot;&quot;,&quot;camera&quot;:&quot;&quot;,&quot;caption&quot;:&quot;&quot;,&quot;created_timestamp&quot;:&quot;0&quot;,&quot;copyright&quot;:&quot;&quot;,&quot;focal_length&quot;:&quot;0&quot;,&quot;iso&quot;:&quot;0&quot;,&quot;shutter_speed&quot;:&quot;0&quot;,&quot;title&quot;:&quot;&quot;,&quot;orientation&quot;:&quot;0&quot;}\" data-image-title=\"WhatsApp Image 2021-05-18 at 10.24.31\" data-image-description=\"\" data-image-caption=\"\" data-large-file=\"https:\/\/eldiariodesanpedro.com.ar\/sitio\/wp-content\/uploads\/2021\/05\/WhatsApp-Image-2021-05-18-at-10.24.31-1024x576.jpeg\" data-src=\"https:\/\/eldiariodesanpedro.com.ar\/sitio\/wp-content\/uploads\/2021\/05\/WhatsApp-Image-2021-05-18-at-10.24.31-1024x576.jpeg\" alt=\"\" class=\"wp-image-92737 lazyload\" data-srcset=\"https:\/\/eldiariodesanpedro.com.ar\/sitio\/wp-content\/uploads\/2021\/05\/WhatsApp-Image-2021-05-18-at-10.24.31-1024x576.jpeg 1024w, https:\/\/eldiariodesanpedro.com.ar\/sitio\/wp-content\/uploads\/2021\/05\/WhatsApp-Image-2021-05-18-at-10.24.31-300x169.jpeg 300w, https:\/\/eldiariodesanpedro.com.ar\/sitio\/wp-content\/uploads\/2021\/05\/WhatsApp-Image-2021-05-18-at-10.24.31-768x432.jpeg 768w, https:\/\/eldiariodesanpedro.com.ar\/sitio\/wp-content\/uploads\/2021\/05\/WhatsApp-Image-2021-05-18-at-10.24.31-800x450.jpeg 800w, https:\/\/eldiariodesanpedro.com.ar\/sitio\/wp-content\/uploads\/2021\/05\/WhatsApp-Image-2021-05-18-at-10.24.31.jpeg 1280w\" data-sizes=\"(max-width: 1024px) 100vw, 1024px\" src=\"data:image\/svg+xml;base64,PHN2ZyB3aWR0aD0iMSIgaGVpZ2h0PSIxIiB4bWxucz0iaHR0cDovL3d3dy53My5vcmcvMjAwMC9zdmciPjwvc3ZnPg==\" style=\"--smush-placeholder-width: 1024px; --smush-placeholder-aspect-ratio: 1024\/576;\" \/><\/figure>\n","protected":false},"excerpt":{"rendered":"<p>El dia de hoy en horas de la madrugada el personal policial en Italia 800 procede a la aprehension de masculino de 16 a\u00f1os quien momentos antes en medio de discusi\u00f3n agrede a su progenitora una mujer de 36 a\u00f1os de edad,&nbsp; quien sufri\u00f3 lesiones leves, as\u00ed mismo en lugar se procede al secuestro de [&hellip;]<\/p>\n","protected":false},"author":4,"featured_media":92736,"comment_status":"open","ping_status":"closed","sticky":false,"template":"","format":"standard","meta":{"om_disable_all_campaigns":false,"_jetpack_memberships_contains_paid_content":false,"footnotes":""},"categories":[50,2,103],"tags":[],"class_list":["post-92735","post","type-post","status-publish","format-standard","has-post-thumbnail","hentry","category-destacadas","category-locales","category-policiales-locales"],"aioseo_notices":[],"gutentor_comment":0,"jetpack_featured_media_url":"https:\/\/eldiariodesanpedro.com.ar\/sitio\/wp-content\/uploads\/2021\/05\/WhatsApp-Image-2021-05-18-at-10.24.31-1.jpeg","jetpack_shortlink":"https:\/\/wp.me\/p6RhLt-o7J","jetpack_sharing_enabled":true,"_links":{"self":[{"href":"https:\/\/eldiariodesanpedro.com.ar\/sitio\/wp-json\/wp\/v2\/posts\/92735","targetHints":{"allow":["GET"]}}],"collection":[{"href":"https:\/\/eldiariodesanpedro.com.ar\/sitio\/wp-json\/wp\/v2\/posts"}],"about":[{"href":"https:\/\/eldiariodesanpedro.com.ar\/sitio\/wp-json\/wp\/v2\/types\/post"}],"author":[{"embeddable":true,"href":"https:\/\/eldiariodesanpedro.com.ar\/sitio\/wp-json\/wp\/v2\/users\/4"}],"replies":[{"embeddable":true,"href":"https:\/\/eldiariodesanpedro.com.ar\/sitio\/wp-json\/wp\/v2\/comments?post=92735"}],"version-history":[{"count":1,"href":"https:\/\/eldiariodesanpedro.com.ar\/sitio\/wp-json\/wp\/v2\/posts\/92735\/revisions"}],"predecessor-version":[{"id":92738,"href":"https:\/\/eldiariodesanpedro.com.ar\/sitio\/wp-json\/wp\/v2\/posts\/92735\/revisions\/92738"}],"wp:featuredmedia":[{"embeddable":true,"href":"https:\/\/eldiariodesanpedro.com.ar\/sitio\/wp-json\/wp\/v2\/media\/92736"}],"wp:attachment":[{"href":"https:\/\/eldiariodesanpedro.com.ar\/sitio\/wp-json\/wp\/v2\/media?parent=92735"}],"wp:term":[{"taxonomy":"category","embeddable":true,"href":"https:\/\/eldiariodesanpedro.com.ar\/sitio\/wp-json\/wp\/v2\/categories?post=92735"},{"taxonomy":"post_tag","embeddable":true,"href":"https:\/\/eldiariodesanpedro.com.ar\/sitio\/wp-json\/wp\/v2\/tags?post=92735"}],"curies":[{"name":"wp","href":"https:\/\/api.w.org\/{rel}","templated":true}]}}