{"id":92732,"date":"2021-05-18T11:04:56","date_gmt":"2021-05-18T14:04:56","guid":{"rendered":"https:\/\/eldiariodesanpedro.com.ar\/sitio\/?p=92732"},"modified":"2021-05-18T11:05:01","modified_gmt":"2021-05-18T14:05:01","slug":"un-aprehendido-por-robar-un-telefono-a-su-ex-pareja","status":"publish","type":"post","link":"https:\/\/eldiariodesanpedro.com.ar\/sitio\/un-aprehendido-por-robar-un-telefono-a-su-ex-pareja\/","title":{"rendered":"Un aprehendido por robar un tel\u00e9fono a su ex pareja"},"content":{"rendered":"<!-- VideographyWP Plugin Message: Automatic video embedding prevented by plugin options. -->\n\n<p>En la noche de ayer alrededor a las 22 horas aproximadamente el personal policial en calle Mitre proximidades de la comisar\u00eda procede a la aprehension de masculino 45 a\u00f1os, quien momentos antes intent\u00f3 sustraer tel\u00e9fono celular de su ex pareja femenina de 30 a\u00f1os, sin lograr cometido, mientras la hostigaba a la mujer subiendo al autom\u00f3vil de la v\u00edctima donde, donde permaneci\u00f3 hasta ser aprehendido.<\/p>\n\n\n\n<p>&nbsp;Permanece alojado en sede policial.- UFI 07 SP.-<\/p>\n","protected":false},"excerpt":{"rendered":"<p>En la noche de ayer alrededor a las 22 horas aproximadamente el personal policial en calle Mitre proximidades de la comisar\u00eda procede a la aprehension de masculino 45 a\u00f1os, quien momentos antes intent\u00f3 sustraer tel\u00e9fono celular de su ex pareja femenina de 30 a\u00f1os, sin lograr cometido, mientras la hostigaba a la mujer subiendo al [&hellip;]<\/p>\n","protected":false},"author":4,"featured_media":92733,"comment_status":"open","ping_status":"closed","sticky":false,"template":"","format":"standard","meta":{"om_disable_all_campaigns":false,"_jetpack_memberships_contains_paid_content":false,"footnotes":""},"categories":[2,103],"tags":[],"class_list":["post-92732","post","type-post","status-publish","format-standard","has-post-thumbnail","hentry","category-locales","category-policiales-locales"],"aioseo_notices":[],"gutentor_comment":0,"jetpack_featured_media_url":"https:\/\/eldiariodesanpedro.com.ar\/sitio\/wp-content\/uploads\/2021\/05\/WhatsApp-Image-2021-05-18-at-10.24.06.jpeg","jetpack_shortlink":"https:\/\/wp.me\/p6RhLt-o7G","jetpack_sharing_enabled":true,"_links":{"self":[{"href":"https:\/\/eldiariodesanpedro.com.ar\/sitio\/wp-json\/wp\/v2\/posts\/92732","targetHints":{"allow":["GET"]}}],"collection":[{"href":"https:\/\/eldiariodesanpedro.com.ar\/sitio\/wp-json\/wp\/v2\/posts"}],"about":[{"href":"https:\/\/eldiariodesanpedro.com.ar\/sitio\/wp-json\/wp\/v2\/types\/post"}],"author":[{"embeddable":true,"href":"https:\/\/eldiariodesanpedro.com.ar\/sitio\/wp-json\/wp\/v2\/users\/4"}],"replies":[{"embeddable":true,"href":"https:\/\/eldiariodesanpedro.com.ar\/sitio\/wp-json\/wp\/v2\/comments?post=92732"}],"version-history":[{"count":1,"href":"https:\/\/eldiariodesanpedro.com.ar\/sitio\/wp-json\/wp\/v2\/posts\/92732\/revisions"}],"predecessor-version":[{"id":92734,"href":"https:\/\/eldiariodesanpedro.com.ar\/sitio\/wp-json\/wp\/v2\/posts\/92732\/revisions\/92734"}],"wp:featuredmedia":[{"embeddable":true,"href":"https:\/\/eldiariodesanpedro.com.ar\/sitio\/wp-json\/wp\/v2\/media\/92733"}],"wp:attachment":[{"href":"https:\/\/eldiariodesanpedro.com.ar\/sitio\/wp-json\/wp\/v2\/media?parent=92732"}],"wp:term":[{"taxonomy":"category","embeddable":true,"href":"https:\/\/eldiariodesanpedro.com.ar\/sitio\/wp-json\/wp\/v2\/categories?post=92732"},{"taxonomy":"post_tag","embeddable":true,"href":"https:\/\/eldiariodesanpedro.com.ar\/sitio\/wp-json\/wp\/v2\/tags?post=92732"}],"curies":[{"name":"wp","href":"https:\/\/api.w.org\/{rel}","templated":true}]}}