{"id":92730,"date":"2021-05-18T10:41:29","date_gmt":"2021-05-18T13:41:29","guid":{"rendered":"https:\/\/eldiariodesanpedro.com.ar\/sitio\/?p=92730"},"modified":"2021-05-18T10:41:35","modified_gmt":"2021-05-18T13:41:35","slug":"tres-jovenes-aprehendidos-por-tenencia-de-estupefacientes","status":"publish","type":"post","link":"https:\/\/eldiariodesanpedro.com.ar\/sitio\/tres-jovenes-aprehendidos-por-tenencia-de-estupefacientes\/","title":{"rendered":"Tres j\u00f3venes aprehendidos por tenencia de estupefacientes"},"content":{"rendered":"<!-- VideographyWP Plugin Message: Automatic video embedding prevented by plugin options. -->\n\n<p>El d\u00eda de ayer personal policial de la comisar\u00eda realiz\u00f3 tres procedimientos similares en los cuales se traslad\u00f3 en distintos horarios y lugares de la ciudad, a tres masculinos (2 mayores y un menor), a quienes se les secuestr\u00f3 en su poder sustancia marihuana, en \u00ednfimo pesaje. Se iniciaron actuaciones por el delito mencionado, con intervenci\u00f3n de la fiscal\u00eda local en turno. Respecto de los causantes se cumplieron recaudos legales<\/p>\n","protected":false},"excerpt":{"rendered":"<p>El d\u00eda de ayer personal policial de la comisar\u00eda realiz\u00f3 tres procedimientos similares en los cuales se traslad\u00f3 en distintos horarios y lugares de la ciudad, a tres masculinos (2 mayores y un menor), a quienes se les secuestr\u00f3 en su poder sustancia marihuana, en \u00ednfimo pesaje. Se iniciaron actuaciones por el delito mencionado, con [&hellip;]<\/p>\n","protected":false},"author":4,"featured_media":68206,"comment_status":"open","ping_status":"closed","sticky":false,"template":"","format":"standard","meta":{"om_disable_all_campaigns":false,"_jetpack_memberships_contains_paid_content":false,"footnotes":""},"categories":[2,103],"tags":[],"class_list":["post-92730","post","type-post","status-publish","format-standard","has-post-thumbnail","hentry","category-locales","category-policiales-locales"],"aioseo_notices":[],"gutentor_comment":0,"jetpack_featured_media_url":"https:\/\/eldiariodesanpedro.com.ar\/sitio\/wp-content\/uploads\/2020\/02\/SUJETOS-DETENIDOS.jpg","jetpack_shortlink":"https:\/\/wp.me\/p6RhLt-o7E","jetpack_sharing_enabled":true,"_links":{"self":[{"href":"https:\/\/eldiariodesanpedro.com.ar\/sitio\/wp-json\/wp\/v2\/posts\/92730","targetHints":{"allow":["GET"]}}],"collection":[{"href":"https:\/\/eldiariodesanpedro.com.ar\/sitio\/wp-json\/wp\/v2\/posts"}],"about":[{"href":"https:\/\/eldiariodesanpedro.com.ar\/sitio\/wp-json\/wp\/v2\/types\/post"}],"author":[{"embeddable":true,"href":"https:\/\/eldiariodesanpedro.com.ar\/sitio\/wp-json\/wp\/v2\/users\/4"}],"replies":[{"embeddable":true,"href":"https:\/\/eldiariodesanpedro.com.ar\/sitio\/wp-json\/wp\/v2\/comments?post=92730"}],"version-history":[{"count":1,"href":"https:\/\/eldiariodesanpedro.com.ar\/sitio\/wp-json\/wp\/v2\/posts\/92730\/revisions"}],"predecessor-version":[{"id":92731,"href":"https:\/\/eldiariodesanpedro.com.ar\/sitio\/wp-json\/wp\/v2\/posts\/92730\/revisions\/92731"}],"wp:featuredmedia":[{"embeddable":true,"href":"https:\/\/eldiariodesanpedro.com.ar\/sitio\/wp-json\/wp\/v2\/media\/68206"}],"wp:attachment":[{"href":"https:\/\/eldiariodesanpedro.com.ar\/sitio\/wp-json\/wp\/v2\/media?parent=92730"}],"wp:term":[{"taxonomy":"category","embeddable":true,"href":"https:\/\/eldiariodesanpedro.com.ar\/sitio\/wp-json\/wp\/v2\/categories?post=92730"},{"taxonomy":"post_tag","embeddable":true,"href":"https:\/\/eldiariodesanpedro.com.ar\/sitio\/wp-json\/wp\/v2\/tags?post=92730"}],"curies":[{"name":"wp","href":"https:\/\/api.w.org\/{rel}","templated":true}]}}