{"id":92727,"date":"2021-05-18T10:39:29","date_gmt":"2021-05-18T13:39:29","guid":{"rendered":"https:\/\/eldiariodesanpedro.com.ar\/sitio\/?p=92727"},"modified":"2021-05-18T10:39:33","modified_gmt":"2021-05-18T13:39:33","slug":"robo-de-cables-en-la-fabrica-celupaper","status":"publish","type":"post","link":"https:\/\/eldiariodesanpedro.com.ar\/sitio\/robo-de-cables-en-la-fabrica-celupaper\/","title":{"rendered":"Robo de cables en la f\u00e1brica Celupaper"},"content":{"rendered":"<!-- VideographyWP Plugin Message: Automatic video embedding prevented by plugin options. -->\n\n<p>Este lunes en la comisar\u00eda local se realiz\u00f3 una denuncia por parte de un ciudadano de 50 a\u00f1os, que resulta ser supervisor de f\u00e1brica Celupaper, ubicada en Independencia y calle 84 ciudad.&nbsp;<\/p>\n\n\n\n<p>Seg\u00fan \u00e9l denuncia declara que en la ma\u00f1ana de de este lunes, el sereno llega al predio dando cuenta de que ignorados en el transcurso de la madrugada han sustra\u00eddo cableado.&nbsp;<\/p>\n\n\n\n<p>El caso es investigado por la UFI 07.<\/p>\n","protected":false},"excerpt":{"rendered":"<p>Este lunes en la comisar\u00eda local se realiz\u00f3 una denuncia por parte de un ciudadano de 50 a\u00f1os, que resulta ser supervisor de f\u00e1brica Celupaper, ubicada en Independencia y calle 84 ciudad.&nbsp; Seg\u00fan \u00e9l denuncia declara que en la ma\u00f1ana de de este lunes, el sereno llega al predio dando cuenta de que ignorados en [&hellip;]<\/p>\n","protected":false},"author":4,"featured_media":92728,"comment_status":"open","ping_status":"closed","sticky":false,"template":"","format":"standard","meta":{"om_disable_all_campaigns":false,"_jetpack_memberships_contains_paid_content":false,"footnotes":""},"categories":[2,103],"tags":[],"class_list":["post-92727","post","type-post","status-publish","format-standard","has-post-thumbnail","hentry","category-locales","category-policiales-locales"],"aioseo_notices":[],"gutentor_comment":0,"jetpack_featured_media_url":"https:\/\/eldiariodesanpedro.com.ar\/sitio\/wp-content\/uploads\/2021\/05\/celupaper_paro_2.jpg","jetpack_shortlink":"https:\/\/wp.me\/p6RhLt-o7B","jetpack_sharing_enabled":true,"_links":{"self":[{"href":"https:\/\/eldiariodesanpedro.com.ar\/sitio\/wp-json\/wp\/v2\/posts\/92727","targetHints":{"allow":["GET"]}}],"collection":[{"href":"https:\/\/eldiariodesanpedro.com.ar\/sitio\/wp-json\/wp\/v2\/posts"}],"about":[{"href":"https:\/\/eldiariodesanpedro.com.ar\/sitio\/wp-json\/wp\/v2\/types\/post"}],"author":[{"embeddable":true,"href":"https:\/\/eldiariodesanpedro.com.ar\/sitio\/wp-json\/wp\/v2\/users\/4"}],"replies":[{"embeddable":true,"href":"https:\/\/eldiariodesanpedro.com.ar\/sitio\/wp-json\/wp\/v2\/comments?post=92727"}],"version-history":[{"count":1,"href":"https:\/\/eldiariodesanpedro.com.ar\/sitio\/wp-json\/wp\/v2\/posts\/92727\/revisions"}],"predecessor-version":[{"id":92729,"href":"https:\/\/eldiariodesanpedro.com.ar\/sitio\/wp-json\/wp\/v2\/posts\/92727\/revisions\/92729"}],"wp:featuredmedia":[{"embeddable":true,"href":"https:\/\/eldiariodesanpedro.com.ar\/sitio\/wp-json\/wp\/v2\/media\/92728"}],"wp:attachment":[{"href":"https:\/\/eldiariodesanpedro.com.ar\/sitio\/wp-json\/wp\/v2\/media?parent=92727"}],"wp:term":[{"taxonomy":"category","embeddable":true,"href":"https:\/\/eldiariodesanpedro.com.ar\/sitio\/wp-json\/wp\/v2\/categories?post=92727"},{"taxonomy":"post_tag","embeddable":true,"href":"https:\/\/eldiariodesanpedro.com.ar\/sitio\/wp-json\/wp\/v2\/tags?post=92727"}],"curies":[{"name":"wp","href":"https:\/\/api.w.org\/{rel}","templated":true}]}}