{"id":92725,"date":"2021-05-18T10:35:21","date_gmt":"2021-05-18T13:35:21","guid":{"rendered":"https:\/\/eldiariodesanpedro.com.ar\/sitio\/?p=92725"},"modified":"2021-05-18T10:35:25","modified_gmt":"2021-05-18T13:35:25","slug":"dos-aprehendidos-por-intento-de-robo-en-un-galpon","status":"publish","type":"post","link":"https:\/\/eldiariodesanpedro.com.ar\/sitio\/dos-aprehendidos-por-intento-de-robo-en-un-galpon\/","title":{"rendered":"Dos aprehendidos por intento de robo en un galp\u00f3n"},"content":{"rendered":"<!-- VideographyWP Plugin Message: Automatic video embedding prevented by plugin options. -->\n\n<p>En horas de la tarde la polic\u00eda de nuestra ciudad se hace presente en calle 58 entre Laprida y Ruta Provincial 1001, aprehenden a dos masculino 18 y 25 a\u00f1os.&nbsp;<\/p>\n\n\n\n<p>Estos sujetos fueron reconocidos por v\u00edctima, como los que momentos antes intentaron sustraer sin violencia del predio de galp\u00f3n ubicado en calle Gral. Belgrano y Ruta 1001, varios hierros y un juego de el\u00e1sticos de cami\u00f3n, no logrando su objetivo al ser descubiertos por la v\u00edctima.<\/p>\n\n\n\n<p>Ambos fueron trasladados a la comisar\u00eda local donde fueron informados de la causa y posterior libertad.<\/p>\n","protected":false},"excerpt":{"rendered":"<p>En horas de la tarde la polic\u00eda de nuestra ciudad se hace presente en calle 58 entre Laprida y Ruta Provincial 1001, aprehenden a dos masculino 18 y 25 a\u00f1os.&nbsp; Estos sujetos fueron reconocidos por v\u00edctima, como los que momentos antes intentaron sustraer sin violencia del predio de galp\u00f3n ubicado en calle Gral. Belgrano y [&hellip;]<\/p>\n","protected":false},"author":4,"featured_media":78843,"comment_status":"open","ping_status":"closed","sticky":false,"template":"","format":"standard","meta":{"om_disable_all_campaigns":false,"_jetpack_memberships_contains_paid_content":false,"footnotes":""},"categories":[2,103],"tags":[],"class_list":["post-92725","post","type-post","status-publish","format-standard","has-post-thumbnail","hentry","category-locales","category-policiales-locales"],"aioseo_notices":[],"gutentor_comment":0,"jetpack_featured_media_url":"https:\/\/eldiariodesanpedro.com.ar\/sitio\/wp-content\/uploads\/2020\/08\/0.jpg","jetpack_shortlink":"https:\/\/wp.me\/p6RhLt-o7z","jetpack_sharing_enabled":true,"_links":{"self":[{"href":"https:\/\/eldiariodesanpedro.com.ar\/sitio\/wp-json\/wp\/v2\/posts\/92725","targetHints":{"allow":["GET"]}}],"collection":[{"href":"https:\/\/eldiariodesanpedro.com.ar\/sitio\/wp-json\/wp\/v2\/posts"}],"about":[{"href":"https:\/\/eldiariodesanpedro.com.ar\/sitio\/wp-json\/wp\/v2\/types\/post"}],"author":[{"embeddable":true,"href":"https:\/\/eldiariodesanpedro.com.ar\/sitio\/wp-json\/wp\/v2\/users\/4"}],"replies":[{"embeddable":true,"href":"https:\/\/eldiariodesanpedro.com.ar\/sitio\/wp-json\/wp\/v2\/comments?post=92725"}],"version-history":[{"count":1,"href":"https:\/\/eldiariodesanpedro.com.ar\/sitio\/wp-json\/wp\/v2\/posts\/92725\/revisions"}],"predecessor-version":[{"id":92726,"href":"https:\/\/eldiariodesanpedro.com.ar\/sitio\/wp-json\/wp\/v2\/posts\/92725\/revisions\/92726"}],"wp:featuredmedia":[{"embeddable":true,"href":"https:\/\/eldiariodesanpedro.com.ar\/sitio\/wp-json\/wp\/v2\/media\/78843"}],"wp:attachment":[{"href":"https:\/\/eldiariodesanpedro.com.ar\/sitio\/wp-json\/wp\/v2\/media?parent=92725"}],"wp:term":[{"taxonomy":"category","embeddable":true,"href":"https:\/\/eldiariodesanpedro.com.ar\/sitio\/wp-json\/wp\/v2\/categories?post=92725"},{"taxonomy":"post_tag","embeddable":true,"href":"https:\/\/eldiariodesanpedro.com.ar\/sitio\/wp-json\/wp\/v2\/tags?post=92725"}],"curies":[{"name":"wp","href":"https:\/\/api.w.org\/{rel}","templated":true}]}}